{"id":179,"date":"2011-03-03T21:48:53","date_gmt":"2011-03-03T20:48:53","guid":{"rendered":"http:\/\/lykkans.se\/?p=179"},"modified":"2012-01-10T10:27:49","modified_gmt":"2012-01-10T09:27:49","slug":"lykkans-designtradgardar-pa-skanska-tradgardar-3-6-mars-vid-jagersro","status":"publish","type":"post","link":"https:\/\/lykkans.se\/index.php\/2011\/03\/lykkans-designtradgardar-pa-skanska-tradgardar-3-6-mars-vid-jagersro\/","title":{"rendered":"Lykkans Designtr\u00e4dg\u00e5rdar p\u00e5 Sk\u00e5nska Tr\u00e4dg\u00e5rdar 3-6 mars vid J\u00e4gersro"},"content":{"rendered":"<p>Nu har <a href=\"http:\/\/www.skanskatradgardar.com\">m\u00e4ssan<\/a> startat, \u00a0tr\u00e4ffa oss i B hallen <a href=\"http:\/\/www.skanskatradgardar.com\">monter 252<\/a>.<\/p>\n<p>Lykkans Designtr\u00e4dg\u00e5rdar och <a href=\"http:\/\/www.stenitradgarden.se\">Sten i Tr\u00e4dg\u00e5rden<\/a> samarbetar p\u00e5 <a href=\"http:\/\/www.skanskatradgardar.com\">m\u00e4ssan<\/a>.<\/p>\n<p>Kom g\u00e4rna och prata tr\u00e4dg\u00e5rd med oss, vi ger tips och id\u00e9er!<a href=\"http:\/\/lykkans.se\/wp-content\/uploads\/2011\/03\/massa-dag2bw.jpg\"><img loading=\"lazy\" decoding=\"async\" class=\"alignnone size-full wp-image-180\" title=\"massa-dag2bw\" src=\"http:\/\/lykkans.se\/wp-content\/uploads\/2011\/03\/massa-dag2bw.jpg\" alt=\"\" width=\"635\" height=\"758\" srcset=\"https:\/\/lykkans.se\/wp-content\/uploads\/2011\/03\/massa-dag2bw.jpg 635w, https:\/\/lykkans.se\/wp-content\/uploads\/2011\/03\/massa-dag2bw-251x300.jpg 251w\" sizes=\"(max-width: 635px) 100vw, 635px\" \/><\/a><\/p>\n<p>Annika och Rebecca Sten fr\u00e5n <a href=\"http:\/\/www.stenitradgarden.se\">Sten i Tr\u00e4dg\u00e5rden<\/a>.<\/p>\n<p><a href=\"http:\/\/lykkans.se\/wp-content\/uploads\/2011\/03\/massa-dag2cw.jpg\"><img loading=\"lazy\" decoding=\"async\" class=\"alignnone size-full wp-image-181\" title=\"massa-dag2cw\" src=\"http:\/\/lykkans.se\/wp-content\/uploads\/2011\/03\/massa-dag2cw.jpg\" alt=\"\" width=\"635\" height=\"1041\" srcset=\"https:\/\/lykkans.se\/wp-content\/uploads\/2011\/03\/massa-dag2cw.jpg 635w, https:\/\/lykkans.se\/wp-content\/uploads\/2011\/03\/massa-dag2cw-624x1024.jpg 624w\" sizes=\"(max-width: 635px) 100vw, 635px\" \/><\/a><\/p>\n<p>Ljuss\u00e4ttningen var mycket popul\u00e4r!<\/p>\n<p><a href=\"http:\/\/lykkans.se\/wp-content\/uploads\/2011\/03\/massa-dag2ew.jpg\"><img loading=\"lazy\" decoding=\"async\" class=\"alignnone size-full wp-image-182\" title=\"massa-dag2ew\" src=\"http:\/\/lykkans.se\/wp-content\/uploads\/2011\/03\/massa-dag2ew.jpg\" alt=\"\" width=\"635\" height=\"683\" srcset=\"https:\/\/lykkans.se\/wp-content\/uploads\/2011\/03\/massa-dag2ew.jpg 635w, https:\/\/lykkans.se\/wp-content\/uploads\/2011\/03\/massa-dag2ew-278x300.jpg 278w\" sizes=\"(max-width: 635px) 100vw, 635px\" \/><\/a><\/p>\n<p><a href=\"http:\/\/lykkans.se\/wp-content\/uploads\/2011\/03\/massa-dag2dw.jpg\"><img loading=\"lazy\" decoding=\"async\" class=\"alignnone size-full wp-image-183\" title=\"massa-dag2dw\" src=\"http:\/\/lykkans.se\/wp-content\/uploads\/2011\/03\/massa-dag2dw.jpg\" alt=\"\" width=\"635\" height=\"344\" srcset=\"https:\/\/lykkans.se\/wp-content\/uploads\/2011\/03\/massa-dag2dw.jpg 635w, https:\/\/lykkans.se\/wp-content\/uploads\/2011\/03\/massa-dag2dw-300x162.jpg 300w\" sizes=\"(max-width: 635px) 100vw, 635px\" \/><\/a><\/p>\n<p>&nbsp;<\/p>\n","protected":false},"excerpt":{"rendered":"<p>Nu har m\u00e4ssan startat, \u00a0tr\u00e4ffa oss i B hallen monter 252. Lykkans Designtr\u00e4dg\u00e5rdar och Sten i Tr\u00e4dg\u00e5rden samarbetar p\u00e5 m\u00e4ssan. Kom g\u00e4rna och prata tr\u00e4dg\u00e5rd med oss, vi ger tips och id\u00e9er! Annika och Rebecca Sten fr\u00e5n Sten i Tr\u00e4dg\u00e5rden. Ljuss\u00e4ttningen var mycket popul\u00e4r! &nbsp;<\/p>\n","protected":false},"author":2,"featured_media":0,"comment_status":"closed","ping_status":"closed","sticky":false,"template":"","format":"standard","meta":{"saved_in_kubio":false,"footnotes":""},"categories":[12],"tags":[],"class_list":["post-179","post","type-post","status-publish","format-standard","hentry","category-massor"],"yoast_head":"<!-- This site is optimized with the Yoast SEO plugin v22.1 - https:\/\/yoast.com\/wordpress\/plugins\/seo\/ -->\n<title>Lykkans Designtr\u00e4dg\u00e5rdar p\u00e5 Sk\u00e5nska Tr\u00e4dg\u00e5rdar 3-6 mars vid J\u00e4gersro - Lykkans Designtr\u00e4dg\u00e5rdar AB<\/title>\n<meta name=\"robots\" content=\"index, follow, max-snippet:-1, max-image-preview:large, max-video-preview:-1\" \/>\n<link rel=\"canonical\" href=\"https:\/\/lykkans.se\/index.php\/2011\/03\/lykkans-designtradgardar-pa-skanska-tradgardar-3-6-mars-vid-jagersro\/\" \/>\n<meta property=\"og:locale\" content=\"en_US\" \/>\n<meta property=\"og:type\" content=\"article\" \/>\n<meta property=\"og:title\" content=\"Lykkans Designtr\u00e4dg\u00e5rdar p\u00e5 Sk\u00e5nska Tr\u00e4dg\u00e5rdar 3-6 mars vid J\u00e4gersro - Lykkans Designtr\u00e4dg\u00e5rdar AB\" \/>\n<meta property=\"og:description\" content=\"Nu har m\u00e4ssan startat, \u00a0tr\u00e4ffa oss i B hallen monter 252. Lykkans Designtr\u00e4dg\u00e5rdar och Sten i Tr\u00e4dg\u00e5rden samarbetar p\u00e5 m\u00e4ssan. Kom g\u00e4rna och prata tr\u00e4dg\u00e5rd med oss, vi ger tips och id\u00e9er! Annika och Rebecca Sten fr\u00e5n Sten i Tr\u00e4dg\u00e5rden. Ljuss\u00e4ttningen var mycket popul\u00e4r! &nbsp;\" \/>\n<meta property=\"og:url\" content=\"https:\/\/lykkans.se\/index.php\/2011\/03\/lykkans-designtradgardar-pa-skanska-tradgardar-3-6-mars-vid-jagersro\/\" \/>\n<meta property=\"og:site_name\" content=\"Lykkans Designtr\u00e4dg\u00e5rdar AB\" \/>\n<meta property=\"article:publisher\" content=\"https:\/\/www.facebook.com\/Lykkans\" \/>\n<meta property=\"article:published_time\" content=\"2011-03-03T20:48:53+00:00\" \/>\n<meta property=\"article:modified_time\" content=\"2012-01-10T09:27:49+00:00\" \/>\n<meta property=\"og:image\" content=\"http:\/\/lykkans.se\/wp-content\/uploads\/2011\/03\/massa-dag2bw.jpg\" \/>\n<meta name=\"author\" content=\"Anette\" \/>\n<meta name=\"twitter:card\" content=\"summary_large_image\" \/>\n<meta name=\"twitter:label1\" content=\"Written by\" \/>\n\t<meta name=\"twitter:data1\" content=\"Anette\" \/>\n<script type=\"application\/ld+json\" class=\"yoast-schema-graph\">{\"@context\":\"https:\/\/schema.org\",\"@graph\":[{\"@type\":\"Article\",\"@id\":\"https:\/\/lykkans.se\/index.php\/2011\/03\/lykkans-designtradgardar-pa-skanska-tradgardar-3-6-mars-vid-jagersro\/#article\",\"isPartOf\":{\"@id\":\"https:\/\/lykkans.se\/index.php\/2011\/03\/lykkans-designtradgardar-pa-skanska-tradgardar-3-6-mars-vid-jagersro\/\"},\"author\":{\"name\":\"Anette\",\"@id\":\"https:\/\/lykkans.se\/#\/schema\/person\/b4a6bafe7258e625683fb5620c135303\"},\"headline\":\"Lykkans Designtr\u00e4dg\u00e5rdar p\u00e5 Sk\u00e5nska Tr\u00e4dg\u00e5rdar 3-6 mars vid J\u00e4gersro\",\"datePublished\":\"2011-03-03T20:48:53+00:00\",\"dateModified\":\"2012-01-10T09:27:49+00:00\",\"mainEntityOfPage\":{\"@id\":\"https:\/\/lykkans.se\/index.php\/2011\/03\/lykkans-designtradgardar-pa-skanska-tradgardar-3-6-mars-vid-jagersro\/\"},\"wordCount\":75,\"publisher\":{\"@id\":\"https:\/\/lykkans.se\/#organization\"},\"articleSection\":[\"M\u00e4ssor\"],\"inLanguage\":\"en-US\"},{\"@type\":\"WebPage\",\"@id\":\"https:\/\/lykkans.se\/index.php\/2011\/03\/lykkans-designtradgardar-pa-skanska-tradgardar-3-6-mars-vid-jagersro\/\",\"url\":\"https:\/\/lykkans.se\/index.php\/2011\/03\/lykkans-designtradgardar-pa-skanska-tradgardar-3-6-mars-vid-jagersro\/\",\"name\":\"Lykkans Designtr\u00e4dg\u00e5rdar p\u00e5 Sk\u00e5nska Tr\u00e4dg\u00e5rdar 3-6 mars vid J\u00e4gersro - Lykkans Designtr\u00e4dg\u00e5rdar AB\",\"isPartOf\":{\"@id\":\"https:\/\/lykkans.se\/#website\"},\"datePublished\":\"2011-03-03T20:48:53+00:00\",\"dateModified\":\"2012-01-10T09:27:49+00:00\",\"breadcrumb\":{\"@id\":\"https:\/\/lykkans.se\/index.php\/2011\/03\/lykkans-designtradgardar-pa-skanska-tradgardar-3-6-mars-vid-jagersro\/#breadcrumb\"},\"inLanguage\":\"en-US\",\"potentialAction\":[{\"@type\":\"ReadAction\",\"target\":[\"https:\/\/lykkans.se\/index.php\/2011\/03\/lykkans-designtradgardar-pa-skanska-tradgardar-3-6-mars-vid-jagersro\/\"]}]},{\"@type\":\"BreadcrumbList\",\"@id\":\"https:\/\/lykkans.se\/index.php\/2011\/03\/lykkans-designtradgardar-pa-skanska-tradgardar-3-6-mars-vid-jagersro\/#breadcrumb\",\"itemListElement\":[{\"@type\":\"ListItem\",\"position\":1,\"name\":\"Home\",\"item\":\"https:\/\/lykkans.se\/\"},{\"@type\":\"ListItem\",\"position\":2,\"name\":\"Lykkans Designtr\u00e4dg\u00e5rdar p\u00e5 Sk\u00e5nska Tr\u00e4dg\u00e5rdar 3-6 mars vid J\u00e4gersro\"}]},{\"@type\":\"WebSite\",\"@id\":\"https:\/\/lykkans.se\/#website\",\"url\":\"https:\/\/lykkans.se\/\",\"name\":\"Lykkans Designtr\u00e4dg\u00e5rdar AB\",\"description\":\"Tr\u00e4dg\u00e5rdsdesign med tr\u00e4dg\u00e5rdsarkitekt Anette G\u00e5rdhagen 070-888 1191\",\"publisher\":{\"@id\":\"https:\/\/lykkans.se\/#organization\"},\"potentialAction\":[{\"@type\":\"SearchAction\",\"target\":{\"@type\":\"EntryPoint\",\"urlTemplate\":\"https:\/\/lykkans.se\/?s={search_term_string}\"},\"query-input\":\"required name=search_term_string\"}],\"inLanguage\":\"en-US\"},{\"@type\":\"Organization\",\"@id\":\"https:\/\/lykkans.se\/#organization\",\"name\":\"Lykkans Designtr\u00e4dg\u00e5rdar AB\",\"url\":\"https:\/\/lykkans.se\/\",\"logo\":{\"@type\":\"ImageObject\",\"inLanguage\":\"en-US\",\"@id\":\"https:\/\/lykkans.se\/#\/schema\/logo\/image\/\",\"url\":\"https:\/\/lykkans.se\/wp-content\/uploads\/2021\/02\/cropped-0909-lykkans-designtradgardar-logo_m_outline_A4-3.pdf\",\"contentUrl\":\"https:\/\/lykkans.se\/wp-content\/uploads\/2021\/02\/cropped-0909-lykkans-designtradgardar-logo_m_outline_A4-3.pdf\",\"caption\":\"Lykkans Designtr\u00e4dg\u00e5rdar AB\"},\"image\":{\"@id\":\"https:\/\/lykkans.se\/#\/schema\/logo\/image\/\"},\"sameAs\":[\"https:\/\/www.facebook.com\/Lykkans\"]},{\"@type\":\"Person\",\"@id\":\"https:\/\/lykkans.se\/#\/schema\/person\/b4a6bafe7258e625683fb5620c135303\",\"name\":\"Anette\",\"image\":{\"@type\":\"ImageObject\",\"inLanguage\":\"en-US\",\"@id\":\"https:\/\/lykkans.se\/#\/schema\/person\/image\/\",\"url\":\"https:\/\/secure.gravatar.com\/avatar\/4b2b0b316cf99e2d2db42839cd347e8315d09ba8bf79316b39caa9209d237805?s=96&d=identicon&r=g\",\"contentUrl\":\"https:\/\/secure.gravatar.com\/avatar\/4b2b0b316cf99e2d2db42839cd347e8315d09ba8bf79316b39caa9209d237805?s=96&d=identicon&r=g\",\"caption\":\"Anette\"},\"sameAs\":[\"http:\/\/lykkans.se\"],\"url\":\"https:\/\/lykkans.se\/index.php\/author\/anette\/\"}]}<\/script>\n<!-- \/ Yoast SEO plugin. -->","yoast_head_json":{"title":"Lykkans Designtr\u00e4dg\u00e5rdar p\u00e5 Sk\u00e5nska Tr\u00e4dg\u00e5rdar 3-6 mars vid J\u00e4gersro - Lykkans Designtr\u00e4dg\u00e5rdar AB","robots":{"index":"index","follow":"follow","max-snippet":"max-snippet:-1","max-image-preview":"max-image-preview:large","max-video-preview":"max-video-preview:-1"},"canonical":"https:\/\/lykkans.se\/index.php\/2011\/03\/lykkans-designtradgardar-pa-skanska-tradgardar-3-6-mars-vid-jagersro\/","og_locale":"en_US","og_type":"article","og_title":"Lykkans Designtr\u00e4dg\u00e5rdar p\u00e5 Sk\u00e5nska Tr\u00e4dg\u00e5rdar 3-6 mars vid J\u00e4gersro - Lykkans Designtr\u00e4dg\u00e5rdar AB","og_description":"Nu har m\u00e4ssan startat, \u00a0tr\u00e4ffa oss i B hallen monter 252. Lykkans Designtr\u00e4dg\u00e5rdar och Sten i Tr\u00e4dg\u00e5rden samarbetar p\u00e5 m\u00e4ssan. Kom g\u00e4rna och prata tr\u00e4dg\u00e5rd med oss, vi ger tips och id\u00e9er! Annika och Rebecca Sten fr\u00e5n Sten i Tr\u00e4dg\u00e5rden. Ljuss\u00e4ttningen var mycket popul\u00e4r! &nbsp;","og_url":"https:\/\/lykkans.se\/index.php\/2011\/03\/lykkans-designtradgardar-pa-skanska-tradgardar-3-6-mars-vid-jagersro\/","og_site_name":"Lykkans Designtr\u00e4dg\u00e5rdar AB","article_publisher":"https:\/\/www.facebook.com\/Lykkans","article_published_time":"2011-03-03T20:48:53+00:00","article_modified_time":"2012-01-10T09:27:49+00:00","og_image":[{"url":"http:\/\/lykkans.se\/wp-content\/uploads\/2011\/03\/massa-dag2bw.jpg"}],"author":"Anette","twitter_card":"summary_large_image","twitter_misc":{"Written by":"Anette"},"schema":{"@context":"https:\/\/schema.org","@graph":[{"@type":"Article","@id":"https:\/\/lykkans.se\/index.php\/2011\/03\/lykkans-designtradgardar-pa-skanska-tradgardar-3-6-mars-vid-jagersro\/#article","isPartOf":{"@id":"https:\/\/lykkans.se\/index.php\/2011\/03\/lykkans-designtradgardar-pa-skanska-tradgardar-3-6-mars-vid-jagersro\/"},"author":{"name":"Anette","@id":"https:\/\/lykkans.se\/#\/schema\/person\/b4a6bafe7258e625683fb5620c135303"},"headline":"Lykkans Designtr\u00e4dg\u00e5rdar p\u00e5 Sk\u00e5nska Tr\u00e4dg\u00e5rdar 3-6 mars vid J\u00e4gersro","datePublished":"2011-03-03T20:48:53+00:00","dateModified":"2012-01-10T09:27:49+00:00","mainEntityOfPage":{"@id":"https:\/\/lykkans.se\/index.php\/2011\/03\/lykkans-designtradgardar-pa-skanska-tradgardar-3-6-mars-vid-jagersro\/"},"wordCount":75,"publisher":{"@id":"https:\/\/lykkans.se\/#organization"},"articleSection":["M\u00e4ssor"],"inLanguage":"en-US"},{"@type":"WebPage","@id":"https:\/\/lykkans.se\/index.php\/2011\/03\/lykkans-designtradgardar-pa-skanska-tradgardar-3-6-mars-vid-jagersro\/","url":"https:\/\/lykkans.se\/index.php\/2011\/03\/lykkans-designtradgardar-pa-skanska-tradgardar-3-6-mars-vid-jagersro\/","name":"Lykkans Designtr\u00e4dg\u00e5rdar p\u00e5 Sk\u00e5nska Tr\u00e4dg\u00e5rdar 3-6 mars vid J\u00e4gersro - Lykkans Designtr\u00e4dg\u00e5rdar AB","isPartOf":{"@id":"https:\/\/lykkans.se\/#website"},"datePublished":"2011-03-03T20:48:53+00:00","dateModified":"2012-01-10T09:27:49+00:00","breadcrumb":{"@id":"https:\/\/lykkans.se\/index.php\/2011\/03\/lykkans-designtradgardar-pa-skanska-tradgardar-3-6-mars-vid-jagersro\/#breadcrumb"},"inLanguage":"en-US","potentialAction":[{"@type":"ReadAction","target":["https:\/\/lykkans.se\/index.php\/2011\/03\/lykkans-designtradgardar-pa-skanska-tradgardar-3-6-mars-vid-jagersro\/"]}]},{"@type":"BreadcrumbList","@id":"https:\/\/lykkans.se\/index.php\/2011\/03\/lykkans-designtradgardar-pa-skanska-tradgardar-3-6-mars-vid-jagersro\/#breadcrumb","itemListElement":[{"@type":"ListItem","position":1,"name":"Home","item":"https:\/\/lykkans.se\/"},{"@type":"ListItem","position":2,"name":"Lykkans Designtr\u00e4dg\u00e5rdar p\u00e5 Sk\u00e5nska Tr\u00e4dg\u00e5rdar 3-6 mars vid J\u00e4gersro"}]},{"@type":"WebSite","@id":"https:\/\/lykkans.se\/#website","url":"https:\/\/lykkans.se\/","name":"Lykkans Designtr\u00e4dg\u00e5rdar AB","description":"Tr\u00e4dg\u00e5rdsdesign med tr\u00e4dg\u00e5rdsarkitekt Anette G\u00e5rdhagen 070-888 1191","publisher":{"@id":"https:\/\/lykkans.se\/#organization"},"potentialAction":[{"@type":"SearchAction","target":{"@type":"EntryPoint","urlTemplate":"https:\/\/lykkans.se\/?s={search_term_string}"},"query-input":"required name=search_term_string"}],"inLanguage":"en-US"},{"@type":"Organization","@id":"https:\/\/lykkans.se\/#organization","name":"Lykkans Designtr\u00e4dg\u00e5rdar AB","url":"https:\/\/lykkans.se\/","logo":{"@type":"ImageObject","inLanguage":"en-US","@id":"https:\/\/lykkans.se\/#\/schema\/logo\/image\/","url":"https:\/\/lykkans.se\/wp-content\/uploads\/2021\/02\/cropped-0909-lykkans-designtradgardar-logo_m_outline_A4-3.pdf","contentUrl":"https:\/\/lykkans.se\/wp-content\/uploads\/2021\/02\/cropped-0909-lykkans-designtradgardar-logo_m_outline_A4-3.pdf","caption":"Lykkans Designtr\u00e4dg\u00e5rdar AB"},"image":{"@id":"https:\/\/lykkans.se\/#\/schema\/logo\/image\/"},"sameAs":["https:\/\/www.facebook.com\/Lykkans"]},{"@type":"Person","@id":"https:\/\/lykkans.se\/#\/schema\/person\/b4a6bafe7258e625683fb5620c135303","name":"Anette","image":{"@type":"ImageObject","inLanguage":"en-US","@id":"https:\/\/lykkans.se\/#\/schema\/person\/image\/","url":"https:\/\/secure.gravatar.com\/avatar\/4b2b0b316cf99e2d2db42839cd347e8315d09ba8bf79316b39caa9209d237805?s=96&d=identicon&r=g","contentUrl":"https:\/\/secure.gravatar.com\/avatar\/4b2b0b316cf99e2d2db42839cd347e8315d09ba8bf79316b39caa9209d237805?s=96&d=identicon&r=g","caption":"Anette"},"sameAs":["http:\/\/lykkans.se"],"url":"https:\/\/lykkans.se\/index.php\/author\/anette\/"}]}},"_links":{"self":[{"href":"https:\/\/lykkans.se\/index.php\/wp-json\/wp\/v2\/posts\/179","targetHints":{"allow":["GET"]}}],"collection":[{"href":"https:\/\/lykkans.se\/index.php\/wp-json\/wp\/v2\/posts"}],"about":[{"href":"https:\/\/lykkans.se\/index.php\/wp-json\/wp\/v2\/types\/post"}],"author":[{"embeddable":true,"href":"https:\/\/lykkans.se\/index.php\/wp-json\/wp\/v2\/users\/2"}],"replies":[{"embeddable":true,"href":"https:\/\/lykkans.se\/index.php\/wp-json\/wp\/v2\/comments?post=179"}],"version-history":[{"count":8,"href":"https:\/\/lykkans.se\/index.php\/wp-json\/wp\/v2\/posts\/179\/revisions"}],"predecessor-version":[{"id":476,"href":"https:\/\/lykkans.se\/index.php\/wp-json\/wp\/v2\/posts\/179\/revisions\/476"}],"wp:attachment":[{"href":"https:\/\/lykkans.se\/index.php\/wp-json\/wp\/v2\/media?parent=179"}],"wp:term":[{"taxonomy":"category","embeddable":true,"href":"https:\/\/lykkans.se\/index.php\/wp-json\/wp\/v2\/categories?post=179"},{"taxonomy":"post_tag","embeddable":true,"href":"https:\/\/lykkans.se\/index.php\/wp-json\/wp\/v2\/tags?post=179"}],"curies":[{"name":"wp","href":"https:\/\/api.w.org\/{rel}","templated":true}]}}