{"id":2017,"date":"2014-10-13T21:52:54","date_gmt":"2014-10-13T19:52:54","guid":{"rendered":"http:\/\/lykkans.se\/?p=2017"},"modified":"2014-10-13T22:47:26","modified_gmt":"2014-10-13T20:47:26","slug":"barnens-tradgard","status":"publish","type":"post","link":"https:\/\/lykkans.se\/index.php\/2014\/10\/barnens-tradgard\/","title":{"rendered":"Barnens tr\u00e4dg\u00e5rd"},"content":{"rendered":"<p>Planering av en barntr\u00e4dg\u00e5rd i Falsterbo d\u00e4r\u00a0\u00e4ngar m\u00f6ter\u00a0hav . H\u00e4r med bord och b\u00e4nkar och sandlek under en pergola vars tak n\u00e4sta s\u00e4song b\u00f6rjar t\u00e4ckas av vinrankor.\u00a0<a href=\"http:\/\/lykkans.se\/wp-content\/uploads\/2014\/10\/skiss-barntradgardc_Lykkans_Designtradgardar.jpg\"><img loading=\"lazy\" decoding=\"async\" class=\"alignnone size-full wp-image-2040\" src=\"http:\/\/lykkans.se\/wp-content\/uploads\/2014\/10\/skiss-barntradgardc_Lykkans_Designtradgardar.jpg\" alt=\"skiss-barntradgardc_Lykkans_Designtradgardar\" width=\"635\" height=\"448\" srcset=\"https:\/\/lykkans.se\/wp-content\/uploads\/2014\/10\/skiss-barntradgardc_Lykkans_Designtradgardar.jpg 635w, https:\/\/lykkans.se\/wp-content\/uploads\/2014\/10\/skiss-barntradgardc_Lykkans_Designtradgardar-300x211.jpg 300w, https:\/\/lykkans.se\/wp-content\/uploads\/2014\/10\/skiss-barntradgardc_Lykkans_Designtradgardar-624x440.jpg 624w\" sizes=\"(max-width: 635px) 100vw, 635px\" \/><\/a>\u00a0<!--more-->Doftande \u00f6rter, fj\u00e4rils \u00e4lskande v\u00e4xter, barnens favoritb\u00e4r och mycket vajande gr\u00e4s. Stipa Calamagrostis &#8211; silvergr\u00e4s, planteras t\u00e4tt och mycket, s\u00e5 att barnen\u00a0kan &#8216;g\u00f6mma sig i sin \u00e4ng&#8217;.\u00a0Dofter och smakupplevelser blandas vilt.\u00a0<a href=\"http:\/\/lykkans.se\/wp-content\/uploads\/2014\/10\/skiss-barntradgard-b_Lykkans_Designtradgardar.jpg\"><img loading=\"lazy\" decoding=\"async\" class=\"alignnone size-full wp-image-2039\" src=\"http:\/\/lykkans.se\/wp-content\/uploads\/2014\/10\/skiss-barntradgard-b_Lykkans_Designtradgardar.jpg\" alt=\"skiss-barntradgard-b_Lykkans_Designtradgardar\" width=\"635\" height=\"439\" srcset=\"https:\/\/lykkans.se\/wp-content\/uploads\/2014\/10\/skiss-barntradgard-b_Lykkans_Designtradgardar.jpg 635w, https:\/\/lykkans.se\/wp-content\/uploads\/2014\/10\/skiss-barntradgard-b_Lykkans_Designtradgardar-300x207.jpg 300w, https:\/\/lykkans.se\/wp-content\/uploads\/2014\/10\/skiss-barntradgard-b_Lykkans_Designtradgardar-624x431.jpg 624w\" sizes=\"(max-width: 635px) 100vw, 635px\" \/><\/a>\u00a0Barnens egen tr\u00e4dg\u00e5rd, d\u00e4r de kan leka, mysa och fika i caf\u00e9et. Inramning av staket, b\u00e4rbuskar och v\u00e4xttorn. N\u00e4r barnen f\u00e5r inramning och rumslighet\u00a0f\u00f6rsvinner de in i leken och k\u00e4nner sig trygga.<a href=\"http:\/\/lykkans.se\/wp-content\/uploads\/2014\/10\/skiss-barntradgard-a-Lykkans_Designtradgardar.jpg\"><img loading=\"lazy\" decoding=\"async\" class=\"alignnone size-full wp-image-2038\" src=\"http:\/\/lykkans.se\/wp-content\/uploads\/2014\/10\/skiss-barntradgard-a-Lykkans_Designtradgardar.jpg\" alt=\"skiss-barntradgard-a-Lykkans_Designtradgardar\" width=\"635\" height=\"447\" srcset=\"https:\/\/lykkans.se\/wp-content\/uploads\/2014\/10\/skiss-barntradgard-a-Lykkans_Designtradgardar.jpg 635w, https:\/\/lykkans.se\/wp-content\/uploads\/2014\/10\/skiss-barntradgard-a-Lykkans_Designtradgardar-300x211.jpg 300w, https:\/\/lykkans.se\/wp-content\/uploads\/2014\/10\/skiss-barntradgard-a-Lykkans_Designtradgardar-624x439.jpg 624w\" sizes=\"(max-width: 635px) 100vw, 635px\" \/><\/a>En pergola f\u00f6r barn kan skalas ner s\u00e5 att bara barnen har tilltr\u00e4de, vuxna f\u00e5r huka sig f\u00f6r att komma in. (Men f\u00f6rst be om lov :-). \u00a0Golvet under pergolan \u00e4r sj\u00e4lvklart sand, och g\u00e4rna mycket s\u00e5 att kullar, v\u00e4gar och st\u00e4der kan byggas.<\/p>\n","protected":false},"excerpt":{"rendered":"<p>Planering av en barntr\u00e4dg\u00e5rd i Falsterbo d\u00e4r\u00a0\u00e4ngar m\u00f6ter\u00a0hav . H\u00e4r med bord och b\u00e4nkar och sandlek under en pergola vars tak n\u00e4sta s\u00e4song b\u00f6rjar t\u00e4ckas av vinrankor.\u00a0\u00a0<\/p>\n","protected":false},"author":2,"featured_media":0,"comment_status":"open","ping_status":"closed","sticky":false,"template":"","format":"standard","meta":{"saved_in_kubio":false,"footnotes":""},"categories":[3,14,21],"tags":[27],"class_list":["post-2017","post","type-post","status-publish","format-standard","hentry","category-inspiration","category-skisserritningar","category-tradgardsplanerng","tag-barntradgard"],"yoast_head":"<!-- This site is optimized with the Yoast SEO plugin v22.1 - https:\/\/yoast.com\/wordpress\/plugins\/seo\/ -->\n<title>Barnens tr\u00e4dg\u00e5rd - Lykkans Designtr\u00e4dg\u00e5rdar AB<\/title>\n<meta name=\"robots\" content=\"index, follow, max-snippet:-1, max-image-preview:large, max-video-preview:-1\" \/>\n<link rel=\"canonical\" href=\"https:\/\/lykkans.se\/index.php\/2014\/10\/barnens-tradgard\/\" \/>\n<meta property=\"og:locale\" content=\"en_US\" \/>\n<meta property=\"og:type\" content=\"article\" \/>\n<meta property=\"og:title\" content=\"Barnens tr\u00e4dg\u00e5rd - Lykkans Designtr\u00e4dg\u00e5rdar AB\" \/>\n<meta property=\"og:description\" content=\"Planering av en barntr\u00e4dg\u00e5rd i Falsterbo d\u00e4r\u00a0\u00e4ngar m\u00f6ter\u00a0hav . H\u00e4r med bord och b\u00e4nkar och sandlek under en pergola vars tak n\u00e4sta s\u00e4song b\u00f6rjar t\u00e4ckas av vinrankor.\u00a0\u00a0\" \/>\n<meta property=\"og:url\" content=\"https:\/\/lykkans.se\/index.php\/2014\/10\/barnens-tradgard\/\" \/>\n<meta property=\"og:site_name\" content=\"Lykkans Designtr\u00e4dg\u00e5rdar AB\" \/>\n<meta property=\"article:publisher\" content=\"https:\/\/www.facebook.com\/Lykkans\" \/>\n<meta property=\"article:published_time\" content=\"2014-10-13T19:52:54+00:00\" \/>\n<meta property=\"article:modified_time\" content=\"2014-10-13T20:47:26+00:00\" \/>\n<meta property=\"og:image\" content=\"http:\/\/lykkans.se\/wp-content\/uploads\/2014\/10\/skiss-barntradgardc_Lykkans_Designtradgardar.jpg\" \/>\n<meta name=\"author\" content=\"Anette\" \/>\n<meta name=\"twitter:card\" content=\"summary_large_image\" \/>\n<meta name=\"twitter:label1\" content=\"Written by\" \/>\n\t<meta name=\"twitter:data1\" content=\"Anette\" \/>\n\t<meta name=\"twitter:label2\" content=\"Est. reading time\" \/>\n\t<meta name=\"twitter:data2\" content=\"1 minute\" \/>\n<script type=\"application\/ld+json\" class=\"yoast-schema-graph\">{\"@context\":\"https:\/\/schema.org\",\"@graph\":[{\"@type\":\"Article\",\"@id\":\"https:\/\/lykkans.se\/index.php\/2014\/10\/barnens-tradgard\/#article\",\"isPartOf\":{\"@id\":\"https:\/\/lykkans.se\/index.php\/2014\/10\/barnens-tradgard\/\"},\"author\":{\"name\":\"Anette\",\"@id\":\"https:\/\/lykkans.se\/#\/schema\/person\/b4a6bafe7258e625683fb5620c135303\"},\"headline\":\"Barnens tr\u00e4dg\u00e5rd\",\"datePublished\":\"2014-10-13T19:52:54+00:00\",\"dateModified\":\"2014-10-13T20:47:26+00:00\",\"mainEntityOfPage\":{\"@id\":\"https:\/\/lykkans.se\/index.php\/2014\/10\/barnens-tradgard\/\"},\"wordCount\":178,\"commentCount\":0,\"publisher\":{\"@id\":\"https:\/\/lykkans.se\/#organization\"},\"keywords\":[\"Barntr\u00e4dg\u00e5rd\"],\"articleSection\":[\"Inspiration\",\"Skisser\/ritningar\",\"Tr\u00e4dg\u00e5rdsplanerng\"],\"inLanguage\":\"en-US\",\"potentialAction\":[{\"@type\":\"CommentAction\",\"name\":\"Comment\",\"target\":[\"https:\/\/lykkans.se\/index.php\/2014\/10\/barnens-tradgard\/#respond\"]}]},{\"@type\":\"WebPage\",\"@id\":\"https:\/\/lykkans.se\/index.php\/2014\/10\/barnens-tradgard\/\",\"url\":\"https:\/\/lykkans.se\/index.php\/2014\/10\/barnens-tradgard\/\",\"name\":\"Barnens tr\u00e4dg\u00e5rd - Lykkans Designtr\u00e4dg\u00e5rdar AB\",\"isPartOf\":{\"@id\":\"https:\/\/lykkans.se\/#website\"},\"datePublished\":\"2014-10-13T19:52:54+00:00\",\"dateModified\":\"2014-10-13T20:47:26+00:00\",\"breadcrumb\":{\"@id\":\"https:\/\/lykkans.se\/index.php\/2014\/10\/barnens-tradgard\/#breadcrumb\"},\"inLanguage\":\"en-US\",\"potentialAction\":[{\"@type\":\"ReadAction\",\"target\":[\"https:\/\/lykkans.se\/index.php\/2014\/10\/barnens-tradgard\/\"]}]},{\"@type\":\"BreadcrumbList\",\"@id\":\"https:\/\/lykkans.se\/index.php\/2014\/10\/barnens-tradgard\/#breadcrumb\",\"itemListElement\":[{\"@type\":\"ListItem\",\"position\":1,\"name\":\"Home\",\"item\":\"https:\/\/lykkans.se\/\"},{\"@type\":\"ListItem\",\"position\":2,\"name\":\"Barnens tr\u00e4dg\u00e5rd\"}]},{\"@type\":\"WebSite\",\"@id\":\"https:\/\/lykkans.se\/#website\",\"url\":\"https:\/\/lykkans.se\/\",\"name\":\"Lykkans Designtr\u00e4dg\u00e5rdar AB\",\"description\":\"Tr\u00e4dg\u00e5rdsdesign med tr\u00e4dg\u00e5rdsarkitekt Anette G\u00e5rdhagen 070-888 1191\",\"publisher\":{\"@id\":\"https:\/\/lykkans.se\/#organization\"},\"potentialAction\":[{\"@type\":\"SearchAction\",\"target\":{\"@type\":\"EntryPoint\",\"urlTemplate\":\"https:\/\/lykkans.se\/?s={search_term_string}\"},\"query-input\":\"required name=search_term_string\"}],\"inLanguage\":\"en-US\"},{\"@type\":\"Organization\",\"@id\":\"https:\/\/lykkans.se\/#organization\",\"name\":\"Lykkans Designtr\u00e4dg\u00e5rdar AB\",\"url\":\"https:\/\/lykkans.se\/\",\"logo\":{\"@type\":\"ImageObject\",\"inLanguage\":\"en-US\",\"@id\":\"https:\/\/lykkans.se\/#\/schema\/logo\/image\/\",\"url\":\"https:\/\/lykkans.se\/wp-content\/uploads\/2021\/02\/cropped-0909-lykkans-designtradgardar-logo_m_outline_A4-3.pdf\",\"contentUrl\":\"https:\/\/lykkans.se\/wp-content\/uploads\/2021\/02\/cropped-0909-lykkans-designtradgardar-logo_m_outline_A4-3.pdf\",\"caption\":\"Lykkans Designtr\u00e4dg\u00e5rdar AB\"},\"image\":{\"@id\":\"https:\/\/lykkans.se\/#\/schema\/logo\/image\/\"},\"sameAs\":[\"https:\/\/www.facebook.com\/Lykkans\"]},{\"@type\":\"Person\",\"@id\":\"https:\/\/lykkans.se\/#\/schema\/person\/b4a6bafe7258e625683fb5620c135303\",\"name\":\"Anette\",\"image\":{\"@type\":\"ImageObject\",\"inLanguage\":\"en-US\",\"@id\":\"https:\/\/lykkans.se\/#\/schema\/person\/image\/\",\"url\":\"https:\/\/secure.gravatar.com\/avatar\/4b2b0b316cf99e2d2db42839cd347e8315d09ba8bf79316b39caa9209d237805?s=96&d=identicon&r=g\",\"contentUrl\":\"https:\/\/secure.gravatar.com\/avatar\/4b2b0b316cf99e2d2db42839cd347e8315d09ba8bf79316b39caa9209d237805?s=96&d=identicon&r=g\",\"caption\":\"Anette\"},\"sameAs\":[\"http:\/\/lykkans.se\"],\"url\":\"https:\/\/lykkans.se\/index.php\/author\/anette\/\"}]}<\/script>\n<!-- \/ Yoast SEO plugin. -->","yoast_head_json":{"title":"Barnens tr\u00e4dg\u00e5rd - Lykkans Designtr\u00e4dg\u00e5rdar AB","robots":{"index":"index","follow":"follow","max-snippet":"max-snippet:-1","max-image-preview":"max-image-preview:large","max-video-preview":"max-video-preview:-1"},"canonical":"https:\/\/lykkans.se\/index.php\/2014\/10\/barnens-tradgard\/","og_locale":"en_US","og_type":"article","og_title":"Barnens tr\u00e4dg\u00e5rd - Lykkans Designtr\u00e4dg\u00e5rdar AB","og_description":"Planering av en barntr\u00e4dg\u00e5rd i Falsterbo d\u00e4r\u00a0\u00e4ngar m\u00f6ter\u00a0hav . H\u00e4r med bord och b\u00e4nkar och sandlek under en pergola vars tak n\u00e4sta s\u00e4song b\u00f6rjar t\u00e4ckas av vinrankor.\u00a0\u00a0","og_url":"https:\/\/lykkans.se\/index.php\/2014\/10\/barnens-tradgard\/","og_site_name":"Lykkans Designtr\u00e4dg\u00e5rdar AB","article_publisher":"https:\/\/www.facebook.com\/Lykkans","article_published_time":"2014-10-13T19:52:54+00:00","article_modified_time":"2014-10-13T20:47:26+00:00","og_image":[{"url":"http:\/\/lykkans.se\/wp-content\/uploads\/2014\/10\/skiss-barntradgardc_Lykkans_Designtradgardar.jpg"}],"author":"Anette","twitter_card":"summary_large_image","twitter_misc":{"Written by":"Anette","Est. reading time":"1 minute"},"schema":{"@context":"https:\/\/schema.org","@graph":[{"@type":"Article","@id":"https:\/\/lykkans.se\/index.php\/2014\/10\/barnens-tradgard\/#article","isPartOf":{"@id":"https:\/\/lykkans.se\/index.php\/2014\/10\/barnens-tradgard\/"},"author":{"name":"Anette","@id":"https:\/\/lykkans.se\/#\/schema\/person\/b4a6bafe7258e625683fb5620c135303"},"headline":"Barnens tr\u00e4dg\u00e5rd","datePublished":"2014-10-13T19:52:54+00:00","dateModified":"2014-10-13T20:47:26+00:00","mainEntityOfPage":{"@id":"https:\/\/lykkans.se\/index.php\/2014\/10\/barnens-tradgard\/"},"wordCount":178,"commentCount":0,"publisher":{"@id":"https:\/\/lykkans.se\/#organization"},"keywords":["Barntr\u00e4dg\u00e5rd"],"articleSection":["Inspiration","Skisser\/ritningar","Tr\u00e4dg\u00e5rdsplanerng"],"inLanguage":"en-US","potentialAction":[{"@type":"CommentAction","name":"Comment","target":["https:\/\/lykkans.se\/index.php\/2014\/10\/barnens-tradgard\/#respond"]}]},{"@type":"WebPage","@id":"https:\/\/lykkans.se\/index.php\/2014\/10\/barnens-tradgard\/","url":"https:\/\/lykkans.se\/index.php\/2014\/10\/barnens-tradgard\/","name":"Barnens tr\u00e4dg\u00e5rd - Lykkans Designtr\u00e4dg\u00e5rdar AB","isPartOf":{"@id":"https:\/\/lykkans.se\/#website"},"datePublished":"2014-10-13T19:52:54+00:00","dateModified":"2014-10-13T20:47:26+00:00","breadcrumb":{"@id":"https:\/\/lykkans.se\/index.php\/2014\/10\/barnens-tradgard\/#breadcrumb"},"inLanguage":"en-US","potentialAction":[{"@type":"ReadAction","target":["https:\/\/lykkans.se\/index.php\/2014\/10\/barnens-tradgard\/"]}]},{"@type":"BreadcrumbList","@id":"https:\/\/lykkans.se\/index.php\/2014\/10\/barnens-tradgard\/#breadcrumb","itemListElement":[{"@type":"ListItem","position":1,"name":"Home","item":"https:\/\/lykkans.se\/"},{"@type":"ListItem","position":2,"name":"Barnens tr\u00e4dg\u00e5rd"}]},{"@type":"WebSite","@id":"https:\/\/lykkans.se\/#website","url":"https:\/\/lykkans.se\/","name":"Lykkans Designtr\u00e4dg\u00e5rdar AB","description":"Tr\u00e4dg\u00e5rdsdesign med tr\u00e4dg\u00e5rdsarkitekt Anette G\u00e5rdhagen 070-888 1191","publisher":{"@id":"https:\/\/lykkans.se\/#organization"},"potentialAction":[{"@type":"SearchAction","target":{"@type":"EntryPoint","urlTemplate":"https:\/\/lykkans.se\/?s={search_term_string}"},"query-input":"required name=search_term_string"}],"inLanguage":"en-US"},{"@type":"Organization","@id":"https:\/\/lykkans.se\/#organization","name":"Lykkans Designtr\u00e4dg\u00e5rdar AB","url":"https:\/\/lykkans.se\/","logo":{"@type":"ImageObject","inLanguage":"en-US","@id":"https:\/\/lykkans.se\/#\/schema\/logo\/image\/","url":"https:\/\/lykkans.se\/wp-content\/uploads\/2021\/02\/cropped-0909-lykkans-designtradgardar-logo_m_outline_A4-3.pdf","contentUrl":"https:\/\/lykkans.se\/wp-content\/uploads\/2021\/02\/cropped-0909-lykkans-designtradgardar-logo_m_outline_A4-3.pdf","caption":"Lykkans Designtr\u00e4dg\u00e5rdar AB"},"image":{"@id":"https:\/\/lykkans.se\/#\/schema\/logo\/image\/"},"sameAs":["https:\/\/www.facebook.com\/Lykkans"]},{"@type":"Person","@id":"https:\/\/lykkans.se\/#\/schema\/person\/b4a6bafe7258e625683fb5620c135303","name":"Anette","image":{"@type":"ImageObject","inLanguage":"en-US","@id":"https:\/\/lykkans.se\/#\/schema\/person\/image\/","url":"https:\/\/secure.gravatar.com\/avatar\/4b2b0b316cf99e2d2db42839cd347e8315d09ba8bf79316b39caa9209d237805?s=96&d=identicon&r=g","contentUrl":"https:\/\/secure.gravatar.com\/avatar\/4b2b0b316cf99e2d2db42839cd347e8315d09ba8bf79316b39caa9209d237805?s=96&d=identicon&r=g","caption":"Anette"},"sameAs":["http:\/\/lykkans.se"],"url":"https:\/\/lykkans.se\/index.php\/author\/anette\/"}]}},"_links":{"self":[{"href":"https:\/\/lykkans.se\/index.php\/wp-json\/wp\/v2\/posts\/2017","targetHints":{"allow":["GET"]}}],"collection":[{"href":"https:\/\/lykkans.se\/index.php\/wp-json\/wp\/v2\/posts"}],"about":[{"href":"https:\/\/lykkans.se\/index.php\/wp-json\/wp\/v2\/types\/post"}],"author":[{"embeddable":true,"href":"https:\/\/lykkans.se\/index.php\/wp-json\/wp\/v2\/users\/2"}],"replies":[{"embeddable":true,"href":"https:\/\/lykkans.se\/index.php\/wp-json\/wp\/v2\/comments?post=2017"}],"version-history":[{"count":2,"href":"https:\/\/lykkans.se\/index.php\/wp-json\/wp\/v2\/posts\/2017\/revisions"}],"predecessor-version":[{"id":2049,"href":"https:\/\/lykkans.se\/index.php\/wp-json\/wp\/v2\/posts\/2017\/revisions\/2049"}],"wp:attachment":[{"href":"https:\/\/lykkans.se\/index.php\/wp-json\/wp\/v2\/media?parent=2017"}],"wp:term":[{"taxonomy":"category","embeddable":true,"href":"https:\/\/lykkans.se\/index.php\/wp-json\/wp\/v2\/categories?post=2017"},{"taxonomy":"post_tag","embeddable":true,"href":"https:\/\/lykkans.se\/index.php\/wp-json\/wp\/v2\/tags?post=2017"}],"curies":[{"name":"wp","href":"https:\/\/api.w.org\/{rel}","templated":true}]}}