{"id":2366,"date":"2017-01-23T17:15:21","date_gmt":"2017-01-23T16:15:21","guid":{"rendered":"http:\/\/lykkans.se\/?p=2366"},"modified":"2017-01-23T17:48:10","modified_gmt":"2017-01-23T16:48:10","slug":"de-nya-tradgardsrummen","status":"publish","type":"post","link":"https:\/\/lykkans.se\/index.php\/2017\/01\/de-nya-tradgardsrummen\/","title":{"rendered":"De nya tr\u00e4dg\u00e5rdsrummen"},"content":{"rendered":"<p>N\u00e4r v\u00e4rmen kommer flyttar vi ut.<\/p>\n<p>Vi vill skapa s\u00e4llskapsytor i tr\u00e4dg\u00e5rden och vi vill inreda ute-vardagsrum.<\/p>\n<p><img loading=\"lazy\" decoding=\"async\" class=\"alignnone size-full wp-image-2377\" src=\"http:\/\/lykkans.se\/wp-content\/uploads\/2017\/01\/Utevardagsrum-m-pool-c.jpg\" alt=\"\" width=\"1798\" height=\"1245\" srcset=\"https:\/\/lykkans.se\/wp-content\/uploads\/2017\/01\/Utevardagsrum-m-pool-c.jpg 1798w, https:\/\/lykkans.se\/wp-content\/uploads\/2017\/01\/Utevardagsrum-m-pool-c-300x208.jpg 300w, https:\/\/lykkans.se\/wp-content\/uploads\/2017\/01\/Utevardagsrum-m-pool-c-768x532.jpg 768w, https:\/\/lykkans.se\/wp-content\/uploads\/2017\/01\/Utevardagsrum-m-pool-c-1024x709.jpg 1024w, https:\/\/lykkans.se\/wp-content\/uploads\/2017\/01\/Utevardagsrum-m-pool-c-624x432.jpg 624w\" sizes=\"(max-width: 1798px) 100vw, 1798px\" \/> <!--more--><img loading=\"lazy\" decoding=\"async\" class=\"alignnone size-full wp-image-2378\" src=\"http:\/\/lykkans.se\/wp-content\/uploads\/2017\/01\/Utevardagsrum-m-pool-b.jpg\" alt=\"\" width=\"2082\" height=\"1252\" srcset=\"https:\/\/lykkans.se\/wp-content\/uploads\/2017\/01\/Utevardagsrum-m-pool-b.jpg 2082w, https:\/\/lykkans.se\/wp-content\/uploads\/2017\/01\/Utevardagsrum-m-pool-b-300x180.jpg 300w, https:\/\/lykkans.se\/wp-content\/uploads\/2017\/01\/Utevardagsrum-m-pool-b-768x462.jpg 768w, https:\/\/lykkans.se\/wp-content\/uploads\/2017\/01\/Utevardagsrum-m-pool-b-1024x616.jpg 1024w, https:\/\/lykkans.se\/wp-content\/uploads\/2017\/01\/Utevardagsrum-m-pool-b-624x375.jpg 624w\" sizes=\"(max-width: 2082px) 100vw, 2082px\" \/>&nbsp;H\u00e4r en stor terrass som ut\u00f6kats med pool. Ett ute-vardagsrum med lounge m\u00f6bel, matplats, caf\u00e9 plats och sold\u00e4ck. Takbildande tr\u00e4d skapar rumsligt och ger behaglig skugga.<img loading=\"lazy\" decoding=\"async\" class=\"alignnone size-full wp-image-2379\" src=\"http:\/\/lykkans.se\/wp-content\/uploads\/2017\/01\/Utevardagsrum-m-pool-a.jpg\" alt=\"\" width=\"1880\" height=\"1043\" srcset=\"https:\/\/lykkans.se\/wp-content\/uploads\/2017\/01\/Utevardagsrum-m-pool-a.jpg 1880w, https:\/\/lykkans.se\/wp-content\/uploads\/2017\/01\/Utevardagsrum-m-pool-a-300x166.jpg 300w, https:\/\/lykkans.se\/wp-content\/uploads\/2017\/01\/Utevardagsrum-m-pool-a-768x426.jpg 768w, https:\/\/lykkans.se\/wp-content\/uploads\/2017\/01\/Utevardagsrum-m-pool-a-1024x568.jpg 1024w, https:\/\/lykkans.se\/wp-content\/uploads\/2017\/01\/Utevardagsrum-m-pool-a-624x346.jpg 624w\" sizes=\"(max-width: 1880px) 100vw, 1880px\" \/> Vi v\u00e4ljer praktiska m\u00f6bler som t\u00e5l klimatet. Grillplatsen har byggts om till ett praktiskt utek\u00f6k, d\u00e4r alla kan samlas och h\u00e5lla grillm\u00e4staren s\u00e4llskap. Vi tycker om att umg\u00e5s ute, och p\u00e5 sommarfesterna vill vi mingla runt i tr\u00e4dg\u00e5rden under tr\u00e4dkronor. Vi h\u00e4nger upp st\u00e4mningsbelysning och t\u00e4nder lyktor.<img loading=\"lazy\" decoding=\"async\" class=\"alignnone size-full wp-image-2384\" src=\"http:\/\/lykkans.se\/wp-content\/uploads\/2017\/01\/Utevardagsrum-m-pool-lounge.jpg\" alt=\"\" width=\"3200\" height=\"2400\" srcset=\"https:\/\/lykkans.se\/wp-content\/uploads\/2017\/01\/Utevardagsrum-m-pool-lounge.jpg 3200w, https:\/\/lykkans.se\/wp-content\/uploads\/2017\/01\/Utevardagsrum-m-pool-lounge-300x225.jpg 300w, https:\/\/lykkans.se\/wp-content\/uploads\/2017\/01\/Utevardagsrum-m-pool-lounge-768x576.jpg 768w, https:\/\/lykkans.se\/wp-content\/uploads\/2017\/01\/Utevardagsrum-m-pool-lounge-1024x768.jpg 1024w, https:\/\/lykkans.se\/wp-content\/uploads\/2017\/01\/Utevardagsrum-m-pool-lounge-624x468.jpg 624w\" sizes=\"(max-width: 3200px) 100vw, 3200px\" \/>Poold\u00e4ck med avsk\u00e4rmning f\u00f6r sols\u00e4ngar.<img loading=\"lazy\" decoding=\"async\" class=\"alignnone size-full wp-image-2383\" src=\"http:\/\/lykkans.se\/wp-content\/uploads\/2017\/01\/Utevardagsrum-m-pool-foto.jpg\" alt=\"\" width=\"3099\" height=\"2324\" srcset=\"https:\/\/lykkans.se\/wp-content\/uploads\/2017\/01\/Utevardagsrum-m-pool-foto.jpg 3099w, https:\/\/lykkans.se\/wp-content\/uploads\/2017\/01\/Utevardagsrum-m-pool-foto-300x225.jpg 300w, https:\/\/lykkans.se\/wp-content\/uploads\/2017\/01\/Utevardagsrum-m-pool-foto-768x576.jpg 768w, https:\/\/lykkans.se\/wp-content\/uploads\/2017\/01\/Utevardagsrum-m-pool-foto-1024x768.jpg 1024w, https:\/\/lykkans.se\/wp-content\/uploads\/2017\/01\/Utevardagsrum-m-pool-foto-624x468.jpg 624w\" sizes=\"(max-width: 3099px) 100vw, 3099px\" \/><img loading=\"lazy\" decoding=\"async\" class=\"alignnone size-full wp-image-2380\" src=\"http:\/\/lykkans.se\/wp-content\/uploads\/2017\/01\/Ute-vardagsrum-b.jpg\" alt=\"\" width=\"1891\" height=\"922\" srcset=\"https:\/\/lykkans.se\/wp-content\/uploads\/2017\/01\/Ute-vardagsrum-b.jpg 1891w, https:\/\/lykkans.se\/wp-content\/uploads\/2017\/01\/Ute-vardagsrum-b-300x146.jpg 300w, https:\/\/lykkans.se\/wp-content\/uploads\/2017\/01\/Ute-vardagsrum-b-768x374.jpg 768w, https:\/\/lykkans.se\/wp-content\/uploads\/2017\/01\/Ute-vardagsrum-b-1024x499.jpg 1024w, https:\/\/lykkans.se\/wp-content\/uploads\/2017\/01\/Ute-vardagsrum-b-624x304.jpg 624w\" sizes=\"(max-width: 1891px) 100vw, 1891px\" \/> F\u00f6r att uppleva rumsk\u00e4nsla som inomhus, beh\u00f6vs golv, v\u00e4ggar och tak till v\u00e5ra nya uterum. Det skapar vi med gr\u00f6na v\u00e4xter, markmaterial och byggnationer av olika slag. H\u00e4r ett exempel p\u00e5 hur niv\u00e5skillnader skapar sp\u00e4nnande rumslighet.<img loading=\"lazy\" decoding=\"async\" class=\"alignnone size-full wp-image-2381\" src=\"http:\/\/lykkans.se\/wp-content\/uploads\/2017\/01\/ute-vardagsrum-a.jpg\" alt=\"\" width=\"1937\" height=\"995\" srcset=\"https:\/\/lykkans.se\/wp-content\/uploads\/2017\/01\/ute-vardagsrum-a.jpg 1937w, https:\/\/lykkans.se\/wp-content\/uploads\/2017\/01\/ute-vardagsrum-a-300x154.jpg 300w, https:\/\/lykkans.se\/wp-content\/uploads\/2017\/01\/ute-vardagsrum-a-768x395.jpg 768w, https:\/\/lykkans.se\/wp-content\/uploads\/2017\/01\/ute-vardagsrum-a-1024x526.jpg 1024w, https:\/\/lykkans.se\/wp-content\/uploads\/2017\/01\/ute-vardagsrum-a-624x321.jpg 624w\" sizes=\"(max-width: 1937px) 100vw, 1937px\" \/> Hur b\u00f6rjar man planera f\u00f6r uterummen? Det \u00e4r b\u00e4st att utg\u00e5 fr\u00e5n husets m\u00e5tt och proportioner, s\u00e5 att uterummen bli en harmonisk f\u00f6rl\u00e4ngning av huset. \u00c4ven material som golv och v\u00e4ggar b\u00f6r st\u00e4mma \u00f6verens med husets befintliga material. Planera in vilken belysning som beh\u00f6vs, b\u00e5de under festliga kv\u00e4llar och n\u00e4r rummen st\u00e5r i vila under vintern.&nbsp;&nbsp;<\/p>\n","protected":false},"excerpt":{"rendered":"<p>N\u00e4r v\u00e4rmen kommer flyttar vi ut. Vi vill skapa s\u00e4llskapsytor i tr\u00e4dg\u00e5rden och vi vill inreda ute-vardagsrum.<\/p>\n","protected":false},"author":2,"featured_media":0,"comment_status":"open","ping_status":"closed","sticky":false,"template":"","format":"standard","meta":{"saved_in_kubio":false,"footnotes":""},"categories":[3,14,21],"tags":[],"class_list":["post-2366","post","type-post","status-publish","format-standard","hentry","category-inspiration","category-skisserritningar","category-tradgardsplanerng"],"yoast_head":"<!-- This site is optimized with the Yoast SEO plugin v22.1 - https:\/\/yoast.com\/wordpress\/plugins\/seo\/ -->\n<title>De nya tr\u00e4dg\u00e5rdsrummen - Lykkans Designtr\u00e4dg\u00e5rdar AB<\/title>\n<meta name=\"robots\" content=\"index, follow, max-snippet:-1, max-image-preview:large, max-video-preview:-1\" \/>\n<link rel=\"canonical\" href=\"https:\/\/lykkans.se\/index.php\/2017\/01\/de-nya-tradgardsrummen\/\" \/>\n<meta property=\"og:locale\" content=\"en_US\" \/>\n<meta property=\"og:type\" content=\"article\" \/>\n<meta property=\"og:title\" content=\"De nya tr\u00e4dg\u00e5rdsrummen - Lykkans Designtr\u00e4dg\u00e5rdar AB\" \/>\n<meta property=\"og:description\" content=\"N\u00e4r v\u00e4rmen kommer flyttar vi ut. Vi vill skapa s\u00e4llskapsytor i tr\u00e4dg\u00e5rden och vi vill inreda ute-vardagsrum.\" \/>\n<meta property=\"og:url\" content=\"https:\/\/lykkans.se\/index.php\/2017\/01\/de-nya-tradgardsrummen\/\" \/>\n<meta property=\"og:site_name\" content=\"Lykkans Designtr\u00e4dg\u00e5rdar AB\" \/>\n<meta property=\"article:publisher\" content=\"https:\/\/www.facebook.com\/Lykkans\" \/>\n<meta property=\"article:published_time\" content=\"2017-01-23T16:15:21+00:00\" \/>\n<meta property=\"article:modified_time\" content=\"2017-01-23T16:48:10+00:00\" \/>\n<meta property=\"og:image\" content=\"http:\/\/lykkans.se\/wp-content\/uploads\/2017\/01\/Utevardagsrum-m-pool-c.jpg\" \/>\n<meta name=\"author\" content=\"Anette\" \/>\n<meta name=\"twitter:card\" content=\"summary_large_image\" \/>\n<meta name=\"twitter:label1\" content=\"Written by\" \/>\n\t<meta name=\"twitter:data1\" content=\"Anette\" \/>\n\t<meta name=\"twitter:label2\" content=\"Est. reading time\" \/>\n\t<meta name=\"twitter:data2\" content=\"1 minute\" \/>\n<script type=\"application\/ld+json\" class=\"yoast-schema-graph\">{\"@context\":\"https:\/\/schema.org\",\"@graph\":[{\"@type\":\"Article\",\"@id\":\"https:\/\/lykkans.se\/index.php\/2017\/01\/de-nya-tradgardsrummen\/#article\",\"isPartOf\":{\"@id\":\"https:\/\/lykkans.se\/index.php\/2017\/01\/de-nya-tradgardsrummen\/\"},\"author\":{\"name\":\"Anette\",\"@id\":\"https:\/\/lykkans.se\/#\/schema\/person\/b4a6bafe7258e625683fb5620c135303\"},\"headline\":\"De nya tr\u00e4dg\u00e5rdsrummen\",\"datePublished\":\"2017-01-23T16:15:21+00:00\",\"dateModified\":\"2017-01-23T16:48:10+00:00\",\"mainEntityOfPage\":{\"@id\":\"https:\/\/lykkans.se\/index.php\/2017\/01\/de-nya-tradgardsrummen\/\"},\"wordCount\":249,\"commentCount\":0,\"publisher\":{\"@id\":\"https:\/\/lykkans.se\/#organization\"},\"articleSection\":[\"Inspiration\",\"Skisser\/ritningar\",\"Tr\u00e4dg\u00e5rdsplanerng\"],\"inLanguage\":\"en-US\",\"potentialAction\":[{\"@type\":\"CommentAction\",\"name\":\"Comment\",\"target\":[\"https:\/\/lykkans.se\/index.php\/2017\/01\/de-nya-tradgardsrummen\/#respond\"]}]},{\"@type\":\"WebPage\",\"@id\":\"https:\/\/lykkans.se\/index.php\/2017\/01\/de-nya-tradgardsrummen\/\",\"url\":\"https:\/\/lykkans.se\/index.php\/2017\/01\/de-nya-tradgardsrummen\/\",\"name\":\"De nya tr\u00e4dg\u00e5rdsrummen - Lykkans Designtr\u00e4dg\u00e5rdar AB\",\"isPartOf\":{\"@id\":\"https:\/\/lykkans.se\/#website\"},\"datePublished\":\"2017-01-23T16:15:21+00:00\",\"dateModified\":\"2017-01-23T16:48:10+00:00\",\"breadcrumb\":{\"@id\":\"https:\/\/lykkans.se\/index.php\/2017\/01\/de-nya-tradgardsrummen\/#breadcrumb\"},\"inLanguage\":\"en-US\",\"potentialAction\":[{\"@type\":\"ReadAction\",\"target\":[\"https:\/\/lykkans.se\/index.php\/2017\/01\/de-nya-tradgardsrummen\/\"]}]},{\"@type\":\"BreadcrumbList\",\"@id\":\"https:\/\/lykkans.se\/index.php\/2017\/01\/de-nya-tradgardsrummen\/#breadcrumb\",\"itemListElement\":[{\"@type\":\"ListItem\",\"position\":1,\"name\":\"Home\",\"item\":\"https:\/\/lykkans.se\/\"},{\"@type\":\"ListItem\",\"position\":2,\"name\":\"De nya tr\u00e4dg\u00e5rdsrummen\"}]},{\"@type\":\"WebSite\",\"@id\":\"https:\/\/lykkans.se\/#website\",\"url\":\"https:\/\/lykkans.se\/\",\"name\":\"Lykkans Designtr\u00e4dg\u00e5rdar AB\",\"description\":\"Tr\u00e4dg\u00e5rdsdesign med tr\u00e4dg\u00e5rdsarkitekt Anette G\u00e5rdhagen 070-888 1191\",\"publisher\":{\"@id\":\"https:\/\/lykkans.se\/#organization\"},\"potentialAction\":[{\"@type\":\"SearchAction\",\"target\":{\"@type\":\"EntryPoint\",\"urlTemplate\":\"https:\/\/lykkans.se\/?s={search_term_string}\"},\"query-input\":\"required name=search_term_string\"}],\"inLanguage\":\"en-US\"},{\"@type\":\"Organization\",\"@id\":\"https:\/\/lykkans.se\/#organization\",\"name\":\"Lykkans Designtr\u00e4dg\u00e5rdar AB\",\"url\":\"https:\/\/lykkans.se\/\",\"logo\":{\"@type\":\"ImageObject\",\"inLanguage\":\"en-US\",\"@id\":\"https:\/\/lykkans.se\/#\/schema\/logo\/image\/\",\"url\":\"https:\/\/lykkans.se\/wp-content\/uploads\/2021\/02\/cropped-0909-lykkans-designtradgardar-logo_m_outline_A4-3.pdf\",\"contentUrl\":\"https:\/\/lykkans.se\/wp-content\/uploads\/2021\/02\/cropped-0909-lykkans-designtradgardar-logo_m_outline_A4-3.pdf\",\"caption\":\"Lykkans Designtr\u00e4dg\u00e5rdar AB\"},\"image\":{\"@id\":\"https:\/\/lykkans.se\/#\/schema\/logo\/image\/\"},\"sameAs\":[\"https:\/\/www.facebook.com\/Lykkans\"]},{\"@type\":\"Person\",\"@id\":\"https:\/\/lykkans.se\/#\/schema\/person\/b4a6bafe7258e625683fb5620c135303\",\"name\":\"Anette\",\"image\":{\"@type\":\"ImageObject\",\"inLanguage\":\"en-US\",\"@id\":\"https:\/\/lykkans.se\/#\/schema\/person\/image\/\",\"url\":\"https:\/\/secure.gravatar.com\/avatar\/4b2b0b316cf99e2d2db42839cd347e8315d09ba8bf79316b39caa9209d237805?s=96&d=identicon&r=g\",\"contentUrl\":\"https:\/\/secure.gravatar.com\/avatar\/4b2b0b316cf99e2d2db42839cd347e8315d09ba8bf79316b39caa9209d237805?s=96&d=identicon&r=g\",\"caption\":\"Anette\"},\"sameAs\":[\"http:\/\/lykkans.se\"],\"url\":\"https:\/\/lykkans.se\/index.php\/author\/anette\/\"}]}<\/script>\n<!-- \/ Yoast SEO plugin. -->","yoast_head_json":{"title":"De nya tr\u00e4dg\u00e5rdsrummen - Lykkans Designtr\u00e4dg\u00e5rdar AB","robots":{"index":"index","follow":"follow","max-snippet":"max-snippet:-1","max-image-preview":"max-image-preview:large","max-video-preview":"max-video-preview:-1"},"canonical":"https:\/\/lykkans.se\/index.php\/2017\/01\/de-nya-tradgardsrummen\/","og_locale":"en_US","og_type":"article","og_title":"De nya tr\u00e4dg\u00e5rdsrummen - Lykkans Designtr\u00e4dg\u00e5rdar AB","og_description":"N\u00e4r v\u00e4rmen kommer flyttar vi ut. Vi vill skapa s\u00e4llskapsytor i tr\u00e4dg\u00e5rden och vi vill inreda ute-vardagsrum.","og_url":"https:\/\/lykkans.se\/index.php\/2017\/01\/de-nya-tradgardsrummen\/","og_site_name":"Lykkans Designtr\u00e4dg\u00e5rdar AB","article_publisher":"https:\/\/www.facebook.com\/Lykkans","article_published_time":"2017-01-23T16:15:21+00:00","article_modified_time":"2017-01-23T16:48:10+00:00","og_image":[{"url":"http:\/\/lykkans.se\/wp-content\/uploads\/2017\/01\/Utevardagsrum-m-pool-c.jpg"}],"author":"Anette","twitter_card":"summary_large_image","twitter_misc":{"Written by":"Anette","Est. reading time":"1 minute"},"schema":{"@context":"https:\/\/schema.org","@graph":[{"@type":"Article","@id":"https:\/\/lykkans.se\/index.php\/2017\/01\/de-nya-tradgardsrummen\/#article","isPartOf":{"@id":"https:\/\/lykkans.se\/index.php\/2017\/01\/de-nya-tradgardsrummen\/"},"author":{"name":"Anette","@id":"https:\/\/lykkans.se\/#\/schema\/person\/b4a6bafe7258e625683fb5620c135303"},"headline":"De nya tr\u00e4dg\u00e5rdsrummen","datePublished":"2017-01-23T16:15:21+00:00","dateModified":"2017-01-23T16:48:10+00:00","mainEntityOfPage":{"@id":"https:\/\/lykkans.se\/index.php\/2017\/01\/de-nya-tradgardsrummen\/"},"wordCount":249,"commentCount":0,"publisher":{"@id":"https:\/\/lykkans.se\/#organization"},"articleSection":["Inspiration","Skisser\/ritningar","Tr\u00e4dg\u00e5rdsplanerng"],"inLanguage":"en-US","potentialAction":[{"@type":"CommentAction","name":"Comment","target":["https:\/\/lykkans.se\/index.php\/2017\/01\/de-nya-tradgardsrummen\/#respond"]}]},{"@type":"WebPage","@id":"https:\/\/lykkans.se\/index.php\/2017\/01\/de-nya-tradgardsrummen\/","url":"https:\/\/lykkans.se\/index.php\/2017\/01\/de-nya-tradgardsrummen\/","name":"De nya tr\u00e4dg\u00e5rdsrummen - Lykkans Designtr\u00e4dg\u00e5rdar AB","isPartOf":{"@id":"https:\/\/lykkans.se\/#website"},"datePublished":"2017-01-23T16:15:21+00:00","dateModified":"2017-01-23T16:48:10+00:00","breadcrumb":{"@id":"https:\/\/lykkans.se\/index.php\/2017\/01\/de-nya-tradgardsrummen\/#breadcrumb"},"inLanguage":"en-US","potentialAction":[{"@type":"ReadAction","target":["https:\/\/lykkans.se\/index.php\/2017\/01\/de-nya-tradgardsrummen\/"]}]},{"@type":"BreadcrumbList","@id":"https:\/\/lykkans.se\/index.php\/2017\/01\/de-nya-tradgardsrummen\/#breadcrumb","itemListElement":[{"@type":"ListItem","position":1,"name":"Home","item":"https:\/\/lykkans.se\/"},{"@type":"ListItem","position":2,"name":"De nya tr\u00e4dg\u00e5rdsrummen"}]},{"@type":"WebSite","@id":"https:\/\/lykkans.se\/#website","url":"https:\/\/lykkans.se\/","name":"Lykkans Designtr\u00e4dg\u00e5rdar AB","description":"Tr\u00e4dg\u00e5rdsdesign med tr\u00e4dg\u00e5rdsarkitekt Anette G\u00e5rdhagen 070-888 1191","publisher":{"@id":"https:\/\/lykkans.se\/#organization"},"potentialAction":[{"@type":"SearchAction","target":{"@type":"EntryPoint","urlTemplate":"https:\/\/lykkans.se\/?s={search_term_string}"},"query-input":"required name=search_term_string"}],"inLanguage":"en-US"},{"@type":"Organization","@id":"https:\/\/lykkans.se\/#organization","name":"Lykkans Designtr\u00e4dg\u00e5rdar AB","url":"https:\/\/lykkans.se\/","logo":{"@type":"ImageObject","inLanguage":"en-US","@id":"https:\/\/lykkans.se\/#\/schema\/logo\/image\/","url":"https:\/\/lykkans.se\/wp-content\/uploads\/2021\/02\/cropped-0909-lykkans-designtradgardar-logo_m_outline_A4-3.pdf","contentUrl":"https:\/\/lykkans.se\/wp-content\/uploads\/2021\/02\/cropped-0909-lykkans-designtradgardar-logo_m_outline_A4-3.pdf","caption":"Lykkans Designtr\u00e4dg\u00e5rdar AB"},"image":{"@id":"https:\/\/lykkans.se\/#\/schema\/logo\/image\/"},"sameAs":["https:\/\/www.facebook.com\/Lykkans"]},{"@type":"Person","@id":"https:\/\/lykkans.se\/#\/schema\/person\/b4a6bafe7258e625683fb5620c135303","name":"Anette","image":{"@type":"ImageObject","inLanguage":"en-US","@id":"https:\/\/lykkans.se\/#\/schema\/person\/image\/","url":"https:\/\/secure.gravatar.com\/avatar\/4b2b0b316cf99e2d2db42839cd347e8315d09ba8bf79316b39caa9209d237805?s=96&d=identicon&r=g","contentUrl":"https:\/\/secure.gravatar.com\/avatar\/4b2b0b316cf99e2d2db42839cd347e8315d09ba8bf79316b39caa9209d237805?s=96&d=identicon&r=g","caption":"Anette"},"sameAs":["http:\/\/lykkans.se"],"url":"https:\/\/lykkans.se\/index.php\/author\/anette\/"}]}},"_links":{"self":[{"href":"https:\/\/lykkans.se\/index.php\/wp-json\/wp\/v2\/posts\/2366","targetHints":{"allow":["GET"]}}],"collection":[{"href":"https:\/\/lykkans.se\/index.php\/wp-json\/wp\/v2\/posts"}],"about":[{"href":"https:\/\/lykkans.se\/index.php\/wp-json\/wp\/v2\/types\/post"}],"author":[{"embeddable":true,"href":"https:\/\/lykkans.se\/index.php\/wp-json\/wp\/v2\/users\/2"}],"replies":[{"embeddable":true,"href":"https:\/\/lykkans.se\/index.php\/wp-json\/wp\/v2\/comments?post=2366"}],"version-history":[{"count":5,"href":"https:\/\/lykkans.se\/index.php\/wp-json\/wp\/v2\/posts\/2366\/revisions"}],"predecessor-version":[{"id":2399,"href":"https:\/\/lykkans.se\/index.php\/wp-json\/wp\/v2\/posts\/2366\/revisions\/2399"}],"wp:attachment":[{"href":"https:\/\/lykkans.se\/index.php\/wp-json\/wp\/v2\/media?parent=2366"}],"wp:term":[{"taxonomy":"category","embeddable":true,"href":"https:\/\/lykkans.se\/index.php\/wp-json\/wp\/v2\/categories?post=2366"},{"taxonomy":"post_tag","embeddable":true,"href":"https:\/\/lykkans.se\/index.php\/wp-json\/wp\/v2\/tags?post=2366"}],"curies":[{"name":"wp","href":"https:\/\/api.w.org\/{rel}","templated":true}]}}