{"id":253,"date":"2011-08-15T14:57:51","date_gmt":"2011-08-15T13:57:51","guid":{"rendered":"http:\/\/lykkans.se\/?p=253"},"modified":"2011-08-16T09:42:01","modified_gmt":"2011-08-16T08:42:01","slug":"prarieplantering-och-elisabeths-lycka","status":"publish","type":"post","link":"https:\/\/lykkans.se\/index.php\/2011\/08\/prarieplantering-och-elisabeths-lycka\/","title":{"rendered":"Pr\u00e4rieplantering och Elisabeths Lycka!"},"content":{"rendered":"<p>Radhustr\u00e4dg\u00e5rden i sin f\u00f6rsta v\u00e4xts\u00e4song<\/p>\n<p><a href=\"http:\/\/lykkans.se\/wp-content\/uploads\/2011\/08\/Villa-Elisabeth-a.jpg\"><img loading=\"lazy\" decoding=\"async\" class=\"alignnone size-full wp-image-255\" title=\"Villa-Elisabeth-a\" src=\"http:\/\/lykkans.se\/wp-content\/uploads\/2011\/08\/Villa-Elisabeth-a.jpg\" alt=\"\" width=\"635\" height=\"423\" srcset=\"https:\/\/lykkans.se\/wp-content\/uploads\/2011\/08\/Villa-Elisabeth-a.jpg 635w, https:\/\/lykkans.se\/wp-content\/uploads\/2011\/08\/Villa-Elisabeth-a-300x199.jpg 300w\" sizes=\"(max-width: 635px) 100vw, 635px\" \/><\/a><\/p>\n<p>Prydnadsgr\u00e4s och h\u00f6ga perenner \u00e4lskade av fj\u00e4rilar, vajar i vinden och v\u00e4ver in i varandra. En riktigt vild plantering med inspiration fr\u00e5n pr\u00e4rien.<\/p>\n<p><a href=\"http:\/\/lykkans.se\/wp-content\/uploads\/2011\/08\/Villa-elisabeth-b.jpg\"><img loading=\"lazy\" decoding=\"async\" class=\"alignnone size-full wp-image-256\" title=\"Villa-elisabeth-b\" src=\"http:\/\/lykkans.se\/wp-content\/uploads\/2011\/08\/Villa-elisabeth-b.jpg\" alt=\"\" width=\"635\" height=\"422\" srcset=\"https:\/\/lykkans.se\/wp-content\/uploads\/2011\/08\/Villa-elisabeth-b.jpg 635w, https:\/\/lykkans.se\/wp-content\/uploads\/2011\/08\/Villa-elisabeth-b-300x199.jpg 300w\" sizes=\"(max-width: 635px) 100vw, 635px\" \/><\/a><\/p>\n<p>Sittplatsen i skydd av det nya staketet, h\u00e4r slingrar sig klematis, rosor och vinterjasmin, p\u00e5 marken t\u00e4cker n\u00e4vor och lavendel.<\/p>\n<p><a href=\"http:\/\/lykkans.se\/wp-content\/uploads\/2011\/08\/Villa-Elisabeth-e.jpg\"><img loading=\"lazy\" decoding=\"async\" class=\"alignnone size-full wp-image-257\" title=\"Villa-Elisabeth-e\" src=\"http:\/\/lykkans.se\/wp-content\/uploads\/2011\/08\/Villa-Elisabeth-e.jpg\" alt=\"\" width=\"635\" height=\"423\" srcset=\"https:\/\/lykkans.se\/wp-content\/uploads\/2011\/08\/Villa-Elisabeth-e.jpg 635w, https:\/\/lykkans.se\/wp-content\/uploads\/2011\/08\/Villa-Elisabeth-e-300x199.jpg 300w\" sizes=\"(max-width: 635px) 100vw, 635px\" \/><\/a><\/p>\n<p>N\u00e4sta s\u00e4song har fj\u00e4rilsbusken v\u00e4xt till sig och sittplatsen blir \u00e4nnu mer intim. En mjukt sv\u00e4ngd g\u00e5ng leder in bakom f\u00f6rr\u00e5det.<\/p>\n<p><a href=\"http:\/\/lykkans.se\/wp-content\/uploads\/2011\/08\/Villa-Elisabeth-c.jpg\"><img loading=\"lazy\" decoding=\"async\" class=\"alignnone size-full wp-image-258\" title=\"Villa-Elisabeth-c\" src=\"http:\/\/lykkans.se\/wp-content\/uploads\/2011\/08\/Villa-Elisabeth-c.jpg\" alt=\"\" width=\"635\" height=\"423\" srcset=\"https:\/\/lykkans.se\/wp-content\/uploads\/2011\/08\/Villa-Elisabeth-c.jpg 635w, https:\/\/lykkans.se\/wp-content\/uploads\/2011\/08\/Villa-Elisabeth-c-300x199.jpg 300w\" sizes=\"(max-width: 635px) 100vw, 635px\" \/><\/a><\/p>\n<p>&#8220;Wild planting&#8221;, h\u00e4r har veronikor, rudbeckior, v\u00e4ddar, blodtoppar planterats vilt och v\u00e4ver in sig i varandra.<\/p>\n<p><a href=\"http:\/\/lykkans.se\/wp-content\/uploads\/2011\/08\/Villa-Elisabeth-g.jpg\"><img loading=\"lazy\" decoding=\"async\" class=\"alignnone size-full wp-image-259\" title=\"Villa-Elisabeth-g\" src=\"http:\/\/lykkans.se\/wp-content\/uploads\/2011\/08\/Villa-Elisabeth-g.jpg\" alt=\"\" width=\"635\" height=\"423\" srcset=\"https:\/\/lykkans.se\/wp-content\/uploads\/2011\/08\/Villa-Elisabeth-g.jpg 635w, https:\/\/lykkans.se\/wp-content\/uploads\/2011\/08\/Villa-Elisabeth-g-300x199.jpg 300w\" sizes=\"(max-width: 635px) 100vw, 635px\" \/><\/a><\/p>\n<p>Underbara blodtoppar <em>Sanguisorba officinalis &#8216;Tanna&#8217;<\/em> dansar vilt med\u00a0 kransveronikor <em>Veronicastrum virginicum &#8216;Alba&#8217;<\/em> och violrutan <em>Thalictrum delavayi<\/em>.<\/p>\n<p><a href=\"http:\/\/lykkans.se\/wp-content\/uploads\/2011\/08\/Villa-Elisabeth-f.jpg\"><img loading=\"lazy\" decoding=\"async\" class=\"alignnone size-full wp-image-260\" title=\"Villa-Elisabeth-f\" src=\"http:\/\/lykkans.se\/wp-content\/uploads\/2011\/08\/Villa-Elisabeth-f.jpg\" alt=\"\" width=\"635\" height=\"423\" srcset=\"https:\/\/lykkans.se\/wp-content\/uploads\/2011\/08\/Villa-Elisabeth-f.jpg 635w, https:\/\/lykkans.se\/wp-content\/uploads\/2011\/08\/Villa-Elisabeth-f-300x199.jpg 300w\" sizes=\"(max-width: 635px) 100vw, 635px\" \/><\/a><\/p>\n<p>Grekv\u00e4dd,<em> Knautia macedonica &#8216;Mars Midget&#8217;<\/em>, en favorit i pr\u00e4rieplanteringen.<\/p>\n<p><a href=\"http:\/\/lykkans.se\/wp-content\/uploads\/2011\/08\/Villa-Elisabeth-h.jpg\"><img loading=\"lazy\" decoding=\"async\" class=\"alignnone size-full wp-image-261\" title=\"Villa-Elisabeth-h\" src=\"http:\/\/lykkans.se\/wp-content\/uploads\/2011\/08\/Villa-Elisabeth-h.jpg\" alt=\"\" width=\"635\" height=\"423\" srcset=\"https:\/\/lykkans.se\/wp-content\/uploads\/2011\/08\/Villa-Elisabeth-h.jpg 635w, https:\/\/lykkans.se\/wp-content\/uploads\/2011\/08\/Villa-Elisabeth-h-300x199.jpg 300w\" sizes=\"(max-width: 635px) 100vw, 635px\" \/><\/a><\/p>\n<p><em>Echinacea purpurea &#8216;Harvest Moon&#8217;<\/em> och<em> &#8216;Green Envy<\/em>&#8216; (rudbeckia\/solhatt) \u00e4r utm\u00e4rkta pr\u00e4riev\u00e4xter, h\u00e4r ser man bladen p\u00e5 <em>Cephalaria gigantea<\/em>, n\u00e4sta s\u00e4song dansar de upp helt vilt och sv\u00e4var ovanf\u00f6r rabatten med de sm\u00e5 vita korgblommorna, och imponerar!<\/p>\n<p><a href=\"http:\/\/lykkans.se\/wp-content\/uploads\/2011\/08\/Villa-Elisabeth-j.jpg\"><img loading=\"lazy\" decoding=\"async\" class=\"alignnone size-full wp-image-262\" title=\"Villa-Elisabeth-j\" src=\"http:\/\/lykkans.se\/wp-content\/uploads\/2011\/08\/Villa-Elisabeth-j.jpg\" alt=\"\" width=\"635\" height=\"423\" srcset=\"https:\/\/lykkans.se\/wp-content\/uploads\/2011\/08\/Villa-Elisabeth-j.jpg 635w, https:\/\/lykkans.se\/wp-content\/uploads\/2011\/08\/Villa-Elisabeth-j-300x199.jpg 300w\" sizes=\"(max-width: 635px) 100vw, 635px\" \/><\/a><\/p>\n<p>H\u00e4r ser\u00a0 man den sv\u00e4ngda fina formen p\u00e5 rabatten och gr\u00e4smattan som smalnar av och f\u00f6rsvinner i en smal g\u00e5ng bakom husknuten. Det fantastiska pelark\u00f6rsb\u00e4rstr\u00e4det <em>Prunus Sato-Zakura &#8216;Amanogawa&#8217;<\/em> som blommar f\u00f6rst av allt tillsammans med v\u00e5rl\u00f6karna st\u00e5r stolt mitt i rabatten.<\/p>\n<p><a href=\"http:\/\/lykkans.se\/wp-content\/uploads\/2011\/08\/Villa-Elisabeth-k.jpg\"><img loading=\"lazy\" decoding=\"async\" class=\"alignnone size-full wp-image-268\" title=\"Villa-Elisabeth-k\" src=\"http:\/\/lykkans.se\/wp-content\/uploads\/2011\/08\/Villa-Elisabeth-k.jpg\" alt=\"\" width=\"635\" height=\"423\" srcset=\"https:\/\/lykkans.se\/wp-content\/uploads\/2011\/08\/Villa-Elisabeth-k.jpg 635w, https:\/\/lykkans.se\/wp-content\/uploads\/2011\/08\/Villa-Elisabeth-k-300x199.jpg 300w\" sizes=\"(max-width: 635px) 100vw, 635px\" \/><\/a><\/p>\n<p><em>Agastache &#8216;Black Adder&#8217;, Calamagrostis acutiflora &#8216;Overdam&#8217;, Panicum virgatum &#8216;Heavy Metal&#8217; Molinia arundinacea &#8216;Transparant&#8217;, Hakonechloa macra<\/em> och n\u00e4vor, l\u00e4ngre ner ser man kransveronikor blodtoppar och grekv\u00e4dd. Syrenbuddlejan <em>&#8216;Pink Delight&#8217;<\/em> har tagit sig fint f\u00f6rsta v\u00e4xts\u00e4songen, jag ser fram mot att se den n\u00e4sta \u00e5r, d\u00e5 kommer sittplatsen bli mer insynsskyddad och intim.<\/p>\n<p><a href=\"http:\/\/lykkans.se\/wp-content\/uploads\/2011\/08\/Villa-Elisabeth-m.jpg\"><img loading=\"lazy\" decoding=\"async\" class=\"alignnone size-full wp-image-276\" title=\"Villa-Elisabeth-m\" src=\"http:\/\/lykkans.se\/wp-content\/uploads\/2011\/08\/Villa-Elisabeth-m.jpg\" alt=\"\" width=\"635\" height=\"423\" srcset=\"https:\/\/lykkans.se\/wp-content\/uploads\/2011\/08\/Villa-Elisabeth-m.jpg 635w, https:\/\/lykkans.se\/wp-content\/uploads\/2011\/08\/Villa-Elisabeth-m-300x199.jpg 300w\" sizes=\"(max-width: 635px) 100vw, 635px\" \/><\/a><\/p>\n<p>Bokplantorna k\u00e4nns sm\u00e5 i denna blomsterprakt, \u00e4ven dessa v\u00e4xer till sig och tr\u00e4dg\u00e5rden f\u00e5r sin inramning.<\/p>\n<p><a href=\"http:\/\/lykkans.se\/wp-content\/uploads\/2011\/08\/Villa-Elisabeth-l.jpg\"><img loading=\"lazy\" decoding=\"async\" class=\"alignnone size-full wp-image-277\" title=\"Villa-Elisabeth-l\" src=\"http:\/\/lykkans.se\/wp-content\/uploads\/2011\/08\/Villa-Elisabeth-l.jpg\" alt=\"\" width=\"635\" height=\"423\" srcset=\"https:\/\/lykkans.se\/wp-content\/uploads\/2011\/08\/Villa-Elisabeth-l.jpg 635w, https:\/\/lykkans.se\/wp-content\/uploads\/2011\/08\/Villa-Elisabeth-l-300x199.jpg 300w\" sizes=\"(max-width: 635px) 100vw, 635px\" \/><\/a><\/p>\n<p>Solbrudarna <em>&#8216;Morheim Beauty&#8217;<\/em> f\u00e4rgstark och lyser upp planteringen.<\/p>\n<p><a href=\"http:\/\/lykkans.se\/wp-content\/uploads\/2011\/08\/Villa-Elisabeth-o.jpg\"><img loading=\"lazy\" decoding=\"async\" class=\"alignnone size-full wp-image-278\" title=\"Villa-Elisabeth-o\" src=\"http:\/\/lykkans.se\/wp-content\/uploads\/2011\/08\/Villa-Elisabeth-o.jpg\" alt=\"\" width=\"635\" height=\"423\" srcset=\"https:\/\/lykkans.se\/wp-content\/uploads\/2011\/08\/Villa-Elisabeth-o.jpg 635w, https:\/\/lykkans.se\/wp-content\/uploads\/2011\/08\/Villa-Elisabeth-o-300x199.jpg 300w\" sizes=\"(max-width: 635px) 100vw, 635px\" \/><\/a><\/p>\n<p>Sittplatsen p\u00e5 den lilla innerg\u00e5rden, ramas in av <em>Miscanthus sinensis &#8216;Malepartus&#8217;<\/em> och <em>&#8216;Morning Light&#8217;<\/em>, daggk\u00e5pan <em>Alchemilla mollis<\/em>, <em>Hakonechloa macra<\/em>, stj\u00e4rnflockor och astilbe tr\u00e4nger i hop sig och Carmencitar\u00f6nnen vakar.<\/p>\n","protected":false},"excerpt":{"rendered":"<p>Radhustr\u00e4dg\u00e5rden i sin f\u00f6rsta v\u00e4xts\u00e4song Prydnadsgr\u00e4s och h\u00f6ga perenner \u00e4lskade av fj\u00e4rilar, vajar i vinden och v\u00e4ver in i varandra. En riktigt vild plantering med inspiration fr\u00e5n pr\u00e4rien. Sittplatsen i skydd av det nya staketet, h\u00e4r slingrar sig klematis, rosor och vinterjasmin, p\u00e5 marken t\u00e4cker n\u00e4vor och lavendel. N\u00e4sta s\u00e4song har fj\u00e4rilsbusken v\u00e4xt till sig [&hellip;]<\/p>\n","protected":false},"author":2,"featured_media":0,"comment_status":"closed","ping_status":"closed","sticky":false,"template":"","format":"standard","meta":{"saved_in_kubio":false,"footnotes":""},"categories":[1],"tags":[5],"class_list":["post-253","post","type-post","status-publish","format-standard","hentry","category-referenser","tag-elisabeths-lycka"],"yoast_head":"<!-- This site is optimized with the Yoast SEO plugin v22.1 - https:\/\/yoast.com\/wordpress\/plugins\/seo\/ -->\n<title>Pr\u00e4rieplantering och Elisabeths Lycka! - Lykkans Designtr\u00e4dg\u00e5rdar AB<\/title>\n<meta name=\"robots\" content=\"index, follow, max-snippet:-1, max-image-preview:large, max-video-preview:-1\" \/>\n<link rel=\"canonical\" href=\"https:\/\/lykkans.se\/index.php\/2011\/08\/prarieplantering-och-elisabeths-lycka\/\" \/>\n<meta property=\"og:locale\" content=\"en_US\" \/>\n<meta property=\"og:type\" content=\"article\" \/>\n<meta property=\"og:title\" content=\"Pr\u00e4rieplantering och Elisabeths Lycka! - Lykkans Designtr\u00e4dg\u00e5rdar AB\" \/>\n<meta property=\"og:description\" content=\"Radhustr\u00e4dg\u00e5rden i sin f\u00f6rsta v\u00e4xts\u00e4song Prydnadsgr\u00e4s och h\u00f6ga perenner \u00e4lskade av fj\u00e4rilar, vajar i vinden och v\u00e4ver in i varandra. En riktigt vild plantering med inspiration fr\u00e5n pr\u00e4rien. Sittplatsen i skydd av det nya staketet, h\u00e4r slingrar sig klematis, rosor och vinterjasmin, p\u00e5 marken t\u00e4cker n\u00e4vor och lavendel. N\u00e4sta s\u00e4song har fj\u00e4rilsbusken v\u00e4xt till sig [&hellip;]\" \/>\n<meta property=\"og:url\" content=\"https:\/\/lykkans.se\/index.php\/2011\/08\/prarieplantering-och-elisabeths-lycka\/\" \/>\n<meta property=\"og:site_name\" content=\"Lykkans Designtr\u00e4dg\u00e5rdar AB\" \/>\n<meta property=\"article:publisher\" content=\"https:\/\/www.facebook.com\/Lykkans\" \/>\n<meta property=\"article:published_time\" content=\"2011-08-15T13:57:51+00:00\" \/>\n<meta property=\"article:modified_time\" content=\"2011-08-16T08:42:01+00:00\" \/>\n<meta property=\"og:image\" content=\"http:\/\/lykkans.se\/wp-content\/uploads\/2011\/08\/Villa-Elisabeth-a.jpg\" \/>\n<meta name=\"author\" content=\"Anette\" \/>\n<meta name=\"twitter:card\" content=\"summary_large_image\" \/>\n<meta name=\"twitter:label1\" content=\"Written by\" \/>\n\t<meta name=\"twitter:data1\" content=\"Anette\" \/>\n\t<meta name=\"twitter:label2\" content=\"Est. reading time\" \/>\n\t<meta name=\"twitter:data2\" content=\"2 minutes\" \/>\n<script type=\"application\/ld+json\" class=\"yoast-schema-graph\">{\"@context\":\"https:\/\/schema.org\",\"@graph\":[{\"@type\":\"Article\",\"@id\":\"https:\/\/lykkans.se\/index.php\/2011\/08\/prarieplantering-och-elisabeths-lycka\/#article\",\"isPartOf\":{\"@id\":\"https:\/\/lykkans.se\/index.php\/2011\/08\/prarieplantering-och-elisabeths-lycka\/\"},\"author\":{\"name\":\"Anette\",\"@id\":\"https:\/\/lykkans.se\/#\/schema\/person\/b4a6bafe7258e625683fb5620c135303\"},\"headline\":\"Pr\u00e4rieplantering och Elisabeths Lycka!\",\"datePublished\":\"2011-08-15T13:57:51+00:00\",\"dateModified\":\"2011-08-16T08:42:01+00:00\",\"mainEntityOfPage\":{\"@id\":\"https:\/\/lykkans.se\/index.php\/2011\/08\/prarieplantering-och-elisabeths-lycka\/\"},\"wordCount\":362,\"publisher\":{\"@id\":\"https:\/\/lykkans.se\/#organization\"},\"keywords\":[\"Elisabeths Lycka\"],\"articleSection\":[\"Referenser\"],\"inLanguage\":\"en-US\"},{\"@type\":\"WebPage\",\"@id\":\"https:\/\/lykkans.se\/index.php\/2011\/08\/prarieplantering-och-elisabeths-lycka\/\",\"url\":\"https:\/\/lykkans.se\/index.php\/2011\/08\/prarieplantering-och-elisabeths-lycka\/\",\"name\":\"Pr\u00e4rieplantering och Elisabeths Lycka! - Lykkans Designtr\u00e4dg\u00e5rdar AB\",\"isPartOf\":{\"@id\":\"https:\/\/lykkans.se\/#website\"},\"datePublished\":\"2011-08-15T13:57:51+00:00\",\"dateModified\":\"2011-08-16T08:42:01+00:00\",\"breadcrumb\":{\"@id\":\"https:\/\/lykkans.se\/index.php\/2011\/08\/prarieplantering-och-elisabeths-lycka\/#breadcrumb\"},\"inLanguage\":\"en-US\",\"potentialAction\":[{\"@type\":\"ReadAction\",\"target\":[\"https:\/\/lykkans.se\/index.php\/2011\/08\/prarieplantering-och-elisabeths-lycka\/\"]}]},{\"@type\":\"BreadcrumbList\",\"@id\":\"https:\/\/lykkans.se\/index.php\/2011\/08\/prarieplantering-och-elisabeths-lycka\/#breadcrumb\",\"itemListElement\":[{\"@type\":\"ListItem\",\"position\":1,\"name\":\"Home\",\"item\":\"https:\/\/lykkans.se\/\"},{\"@type\":\"ListItem\",\"position\":2,\"name\":\"Pr\u00e4rieplantering och Elisabeths Lycka!\"}]},{\"@type\":\"WebSite\",\"@id\":\"https:\/\/lykkans.se\/#website\",\"url\":\"https:\/\/lykkans.se\/\",\"name\":\"Lykkans Designtr\u00e4dg\u00e5rdar AB\",\"description\":\"Tr\u00e4dg\u00e5rdsdesign med tr\u00e4dg\u00e5rdsarkitekt Anette G\u00e5rdhagen 070-888 1191\",\"publisher\":{\"@id\":\"https:\/\/lykkans.se\/#organization\"},\"potentialAction\":[{\"@type\":\"SearchAction\",\"target\":{\"@type\":\"EntryPoint\",\"urlTemplate\":\"https:\/\/lykkans.se\/?s={search_term_string}\"},\"query-input\":\"required name=search_term_string\"}],\"inLanguage\":\"en-US\"},{\"@type\":\"Organization\",\"@id\":\"https:\/\/lykkans.se\/#organization\",\"name\":\"Lykkans Designtr\u00e4dg\u00e5rdar AB\",\"url\":\"https:\/\/lykkans.se\/\",\"logo\":{\"@type\":\"ImageObject\",\"inLanguage\":\"en-US\",\"@id\":\"https:\/\/lykkans.se\/#\/schema\/logo\/image\/\",\"url\":\"https:\/\/lykkans.se\/wp-content\/uploads\/2021\/02\/cropped-0909-lykkans-designtradgardar-logo_m_outline_A4-3.pdf\",\"contentUrl\":\"https:\/\/lykkans.se\/wp-content\/uploads\/2021\/02\/cropped-0909-lykkans-designtradgardar-logo_m_outline_A4-3.pdf\",\"caption\":\"Lykkans Designtr\u00e4dg\u00e5rdar AB\"},\"image\":{\"@id\":\"https:\/\/lykkans.se\/#\/schema\/logo\/image\/\"},\"sameAs\":[\"https:\/\/www.facebook.com\/Lykkans\"]},{\"@type\":\"Person\",\"@id\":\"https:\/\/lykkans.se\/#\/schema\/person\/b4a6bafe7258e625683fb5620c135303\",\"name\":\"Anette\",\"image\":{\"@type\":\"ImageObject\",\"inLanguage\":\"en-US\",\"@id\":\"https:\/\/lykkans.se\/#\/schema\/person\/image\/\",\"url\":\"https:\/\/secure.gravatar.com\/avatar\/4b2b0b316cf99e2d2db42839cd347e8315d09ba8bf79316b39caa9209d237805?s=96&d=identicon&r=g\",\"contentUrl\":\"https:\/\/secure.gravatar.com\/avatar\/4b2b0b316cf99e2d2db42839cd347e8315d09ba8bf79316b39caa9209d237805?s=96&d=identicon&r=g\",\"caption\":\"Anette\"},\"sameAs\":[\"http:\/\/lykkans.se\"],\"url\":\"https:\/\/lykkans.se\/index.php\/author\/anette\/\"}]}<\/script>\n<!-- \/ Yoast SEO plugin. -->","yoast_head_json":{"title":"Pr\u00e4rieplantering och Elisabeths Lycka! - Lykkans Designtr\u00e4dg\u00e5rdar AB","robots":{"index":"index","follow":"follow","max-snippet":"max-snippet:-1","max-image-preview":"max-image-preview:large","max-video-preview":"max-video-preview:-1"},"canonical":"https:\/\/lykkans.se\/index.php\/2011\/08\/prarieplantering-och-elisabeths-lycka\/","og_locale":"en_US","og_type":"article","og_title":"Pr\u00e4rieplantering och Elisabeths Lycka! - Lykkans Designtr\u00e4dg\u00e5rdar AB","og_description":"Radhustr\u00e4dg\u00e5rden i sin f\u00f6rsta v\u00e4xts\u00e4song Prydnadsgr\u00e4s och h\u00f6ga perenner \u00e4lskade av fj\u00e4rilar, vajar i vinden och v\u00e4ver in i varandra. En riktigt vild plantering med inspiration fr\u00e5n pr\u00e4rien. Sittplatsen i skydd av det nya staketet, h\u00e4r slingrar sig klematis, rosor och vinterjasmin, p\u00e5 marken t\u00e4cker n\u00e4vor och lavendel. N\u00e4sta s\u00e4song har fj\u00e4rilsbusken v\u00e4xt till sig [&hellip;]","og_url":"https:\/\/lykkans.se\/index.php\/2011\/08\/prarieplantering-och-elisabeths-lycka\/","og_site_name":"Lykkans Designtr\u00e4dg\u00e5rdar AB","article_publisher":"https:\/\/www.facebook.com\/Lykkans","article_published_time":"2011-08-15T13:57:51+00:00","article_modified_time":"2011-08-16T08:42:01+00:00","og_image":[{"url":"http:\/\/lykkans.se\/wp-content\/uploads\/2011\/08\/Villa-Elisabeth-a.jpg"}],"author":"Anette","twitter_card":"summary_large_image","twitter_misc":{"Written by":"Anette","Est. reading time":"2 minutes"},"schema":{"@context":"https:\/\/schema.org","@graph":[{"@type":"Article","@id":"https:\/\/lykkans.se\/index.php\/2011\/08\/prarieplantering-och-elisabeths-lycka\/#article","isPartOf":{"@id":"https:\/\/lykkans.se\/index.php\/2011\/08\/prarieplantering-och-elisabeths-lycka\/"},"author":{"name":"Anette","@id":"https:\/\/lykkans.se\/#\/schema\/person\/b4a6bafe7258e625683fb5620c135303"},"headline":"Pr\u00e4rieplantering och Elisabeths Lycka!","datePublished":"2011-08-15T13:57:51+00:00","dateModified":"2011-08-16T08:42:01+00:00","mainEntityOfPage":{"@id":"https:\/\/lykkans.se\/index.php\/2011\/08\/prarieplantering-och-elisabeths-lycka\/"},"wordCount":362,"publisher":{"@id":"https:\/\/lykkans.se\/#organization"},"keywords":["Elisabeths Lycka"],"articleSection":["Referenser"],"inLanguage":"en-US"},{"@type":"WebPage","@id":"https:\/\/lykkans.se\/index.php\/2011\/08\/prarieplantering-och-elisabeths-lycka\/","url":"https:\/\/lykkans.se\/index.php\/2011\/08\/prarieplantering-och-elisabeths-lycka\/","name":"Pr\u00e4rieplantering och Elisabeths Lycka! - Lykkans Designtr\u00e4dg\u00e5rdar AB","isPartOf":{"@id":"https:\/\/lykkans.se\/#website"},"datePublished":"2011-08-15T13:57:51+00:00","dateModified":"2011-08-16T08:42:01+00:00","breadcrumb":{"@id":"https:\/\/lykkans.se\/index.php\/2011\/08\/prarieplantering-och-elisabeths-lycka\/#breadcrumb"},"inLanguage":"en-US","potentialAction":[{"@type":"ReadAction","target":["https:\/\/lykkans.se\/index.php\/2011\/08\/prarieplantering-och-elisabeths-lycka\/"]}]},{"@type":"BreadcrumbList","@id":"https:\/\/lykkans.se\/index.php\/2011\/08\/prarieplantering-och-elisabeths-lycka\/#breadcrumb","itemListElement":[{"@type":"ListItem","position":1,"name":"Home","item":"https:\/\/lykkans.se\/"},{"@type":"ListItem","position":2,"name":"Pr\u00e4rieplantering och Elisabeths Lycka!"}]},{"@type":"WebSite","@id":"https:\/\/lykkans.se\/#website","url":"https:\/\/lykkans.se\/","name":"Lykkans Designtr\u00e4dg\u00e5rdar AB","description":"Tr\u00e4dg\u00e5rdsdesign med tr\u00e4dg\u00e5rdsarkitekt Anette G\u00e5rdhagen 070-888 1191","publisher":{"@id":"https:\/\/lykkans.se\/#organization"},"potentialAction":[{"@type":"SearchAction","target":{"@type":"EntryPoint","urlTemplate":"https:\/\/lykkans.se\/?s={search_term_string}"},"query-input":"required name=search_term_string"}],"inLanguage":"en-US"},{"@type":"Organization","@id":"https:\/\/lykkans.se\/#organization","name":"Lykkans Designtr\u00e4dg\u00e5rdar AB","url":"https:\/\/lykkans.se\/","logo":{"@type":"ImageObject","inLanguage":"en-US","@id":"https:\/\/lykkans.se\/#\/schema\/logo\/image\/","url":"https:\/\/lykkans.se\/wp-content\/uploads\/2021\/02\/cropped-0909-lykkans-designtradgardar-logo_m_outline_A4-3.pdf","contentUrl":"https:\/\/lykkans.se\/wp-content\/uploads\/2021\/02\/cropped-0909-lykkans-designtradgardar-logo_m_outline_A4-3.pdf","caption":"Lykkans Designtr\u00e4dg\u00e5rdar AB"},"image":{"@id":"https:\/\/lykkans.se\/#\/schema\/logo\/image\/"},"sameAs":["https:\/\/www.facebook.com\/Lykkans"]},{"@type":"Person","@id":"https:\/\/lykkans.se\/#\/schema\/person\/b4a6bafe7258e625683fb5620c135303","name":"Anette","image":{"@type":"ImageObject","inLanguage":"en-US","@id":"https:\/\/lykkans.se\/#\/schema\/person\/image\/","url":"https:\/\/secure.gravatar.com\/avatar\/4b2b0b316cf99e2d2db42839cd347e8315d09ba8bf79316b39caa9209d237805?s=96&d=identicon&r=g","contentUrl":"https:\/\/secure.gravatar.com\/avatar\/4b2b0b316cf99e2d2db42839cd347e8315d09ba8bf79316b39caa9209d237805?s=96&d=identicon&r=g","caption":"Anette"},"sameAs":["http:\/\/lykkans.se"],"url":"https:\/\/lykkans.se\/index.php\/author\/anette\/"}]}},"_links":{"self":[{"href":"https:\/\/lykkans.se\/index.php\/wp-json\/wp\/v2\/posts\/253","targetHints":{"allow":["GET"]}}],"collection":[{"href":"https:\/\/lykkans.se\/index.php\/wp-json\/wp\/v2\/posts"}],"about":[{"href":"https:\/\/lykkans.se\/index.php\/wp-json\/wp\/v2\/types\/post"}],"author":[{"embeddable":true,"href":"https:\/\/lykkans.se\/index.php\/wp-json\/wp\/v2\/users\/2"}],"replies":[{"embeddable":true,"href":"https:\/\/lykkans.se\/index.php\/wp-json\/wp\/v2\/comments?post=253"}],"version-history":[{"count":5,"href":"https:\/\/lykkans.se\/index.php\/wp-json\/wp\/v2\/posts\/253\/revisions"}],"predecessor-version":[{"id":269,"href":"https:\/\/lykkans.se\/index.php\/wp-json\/wp\/v2\/posts\/253\/revisions\/269"}],"wp:attachment":[{"href":"https:\/\/lykkans.se\/index.php\/wp-json\/wp\/v2\/media?parent=253"}],"wp:term":[{"taxonomy":"category","embeddable":true,"href":"https:\/\/lykkans.se\/index.php\/wp-json\/wp\/v2\/categories?post=253"},{"taxonomy":"post_tag","embeddable":true,"href":"https:\/\/lykkans.se\/index.php\/wp-json\/wp\/v2\/tags?post=253"}],"curies":[{"name":"wp","href":"https:\/\/api.w.org\/{rel}","templated":true}]}}