{"id":270,"date":"2011-08-16T09:04:30","date_gmt":"2011-08-16T08:04:30","guid":{"rendered":"http:\/\/lykkans.se\/?p=270"},"modified":"2012-01-15T17:12:47","modified_gmt":"2012-01-15T16:12:47","slug":"vaxtforteckning-elisabets-lycka","status":"publish","type":"post","link":"https:\/\/lykkans.se\/index.php\/2011\/08\/vaxtforteckning-elisabets-lycka\/","title":{"rendered":"V\u00e4xtf\u00f6rteckning Elisabets Lycka"},"content":{"rendered":"<p><!--more--><\/p>\n<table width=\"319\" border=\"0\" cellspacing=\"0\" cellpadding=\"0\">\n<tbody>\n<tr>\n<td valign=\"bottom\" nowrap=\"nowrap\" width=\"47\">\n<p align=\"right\">1<\/p>\n<\/td>\n<td valign=\"bottom\" nowrap=\"nowrap\" width=\"272\">Prunus x Hilleri &#8216;Spire&#8217;<\/td>\n<\/tr>\n<tr>\n<td valign=\"bottom\" nowrap=\"nowrap\" width=\"47\">\n<p align=\"right\">1<\/p>\n<\/td>\n<td valign=\"bottom\" nowrap=\"nowrap\" width=\"272\">Prunus Sato-Zakura &#8216;Amanogawa&#8217;<\/td>\n<\/tr>\n<tr>\n<td valign=\"bottom\" nowrap=\"nowrap\" width=\"47\">\n<p align=\"right\">1<\/p>\n<\/td>\n<td valign=\"bottom\" nowrap=\"nowrap\" width=\"272\">Sorbus koehneana fk \u00c5s E<\/td>\n<\/tr>\n<tr>\n<td valign=\"bottom\" nowrap=\"nowrap\" width=\"47\">\n<p align=\"right\">1<\/p>\n<\/td>\n<td valign=\"bottom\" nowrap=\"nowrap\" width=\"272\">Buddleja Davidii &#8216;Black Knight&#8217;<\/td>\n<\/tr>\n<tr>\n<td valign=\"bottom\" nowrap=\"nowrap\" width=\"47\">\n<p align=\"right\">1<\/p>\n<\/td>\n<td valign=\"bottom\" nowrap=\"nowrap\" width=\"272\">Buddleja Davidii &#8216;Pink Delight&#8217;<\/td>\n<\/tr>\n<tr>\n<td valign=\"bottom\" nowrap=\"nowrap\" width=\"47\">\n<p align=\"right\">1<\/p>\n<\/td>\n<td valign=\"bottom\" nowrap=\"nowrap\" width=\"272\">Paeonia suffrutticosa ssp<\/td>\n<\/tr>\n<tr>\n<td valign=\"bottom\" nowrap=\"nowrap\" width=\"47\">\n<p align=\"right\">1<\/p>\n<\/td>\n<td valign=\"bottom\" nowrap=\"nowrap\" width=\"272\">Syringa microphylla &#8216;Superba&#8217; sm\u00e5blad.syren<\/td>\n<\/tr>\n<tr>\n<td valign=\"bottom\" nowrap=\"nowrap\" width=\"47\">\n<p align=\"right\">1<\/p>\n<\/td>\n<td valign=\"bottom\" nowrap=\"nowrap\" width=\"272\">Viburnum opulus &#8216;Str\u00f6msund&#8217; E<\/td>\n<\/tr>\n<tr>\n<td valign=\"bottom\" nowrap=\"nowrap\" width=\"47\">\n<p align=\"right\">1<\/p>\n<\/td>\n<td valign=\"bottom\" nowrap=\"nowrap\" width=\"272\">Philadelphus &#8216;Orion&#8217; E<\/td>\n<\/tr>\n<tr>\n<td valign=\"bottom\" nowrap=\"nowrap\" width=\"47\">\n<p align=\"right\">1<\/p>\n<\/td>\n<td valign=\"bottom\" nowrap=\"nowrap\" width=\"272\">Hydrangea macrophylla &#8216;Bella&#8217;<\/td>\n<\/tr>\n<tr>\n<td valign=\"bottom\" nowrap=\"nowrap\" width=\"47\">\n<p align=\"right\">2<\/p>\n<\/td>\n<td valign=\"bottom\" nowrap=\"nowrap\" width=\"272\">Clematis montana &#8216;Rubens&#8217;<\/td>\n<\/tr>\n<tr>\n<td valign=\"bottom\" nowrap=\"nowrap\" width=\"47\">\n<p align=\"right\">1<\/p>\n<\/td>\n<td valign=\"bottom\" nowrap=\"nowrap\" width=\"272\">Lonicera x heckrottii<\/td>\n<\/tr>\n<tr>\n<td valign=\"bottom\" nowrap=\"nowrap\" width=\"47\">\n<p align=\"right\">1<\/p>\n<\/td>\n<td valign=\"bottom\" nowrap=\"nowrap\" width=\"272\">Lonicera henryii<\/td>\n<\/tr>\n<tr>\n<td valign=\"bottom\" nowrap=\"nowrap\" width=\"47\">\n<p align=\"right\">1<\/p>\n<\/td>\n<td valign=\"bottom\" nowrap=\"nowrap\" width=\"272\">Clematis alpina<\/td>\n<\/tr>\n<tr>\n<td valign=\"bottom\" nowrap=\"nowrap\" width=\"47\">\n<p align=\"right\">1<\/p>\n<\/td>\n<td valign=\"bottom\" nowrap=\"nowrap\" width=\"272\">Clematis (Viticella) &#8216;Royal Velours&#8217;<\/td>\n<\/tr>\n<tr>\n<td valign=\"bottom\" nowrap=\"nowrap\" width=\"47\">\n<p align=\"right\">1<\/p>\n<\/td>\n<td valign=\"bottom\" nowrap=\"nowrap\" width=\"272\">Clematis (Viticella) &#8216;Carmencita&#8217; E<\/td>\n<\/tr>\n<tr>\n<td valign=\"bottom\" nowrap=\"nowrap\" width=\"47\">\n<p align=\"right\">1<\/p>\n<\/td>\n<td valign=\"bottom\" nowrap=\"nowrap\" width=\"272\">Jasminum nudiflorum<\/td>\n<\/tr>\n<tr>\n<td valign=\"bottom\" nowrap=\"nowrap\" width=\"47\">\n<p align=\"right\">1<\/p>\n<\/td>\n<td valign=\"bottom\" nowrap=\"nowrap\" width=\"272\">Rosa Constance Spry<\/td>\n<\/tr>\n<tr>\n<td valign=\"bottom\" nowrap=\"nowrap\" width=\"47\">\n<p align=\"right\">1<\/p>\n<\/td>\n<td valign=\"bottom\" nowrap=\"nowrap\" width=\"272\">Miscanthus sinensis &#8216;Malepartus&#8217;<\/td>\n<\/tr>\n<tr>\n<td valign=\"bottom\" nowrap=\"nowrap\" width=\"47\">\n<p align=\"right\">3<\/p>\n<\/td>\n<td valign=\"bottom\" nowrap=\"nowrap\" width=\"272\">Molinia arundinacea &#8216;Transparant&#8217;<\/td>\n<\/tr>\n<tr>\n<td valign=\"bottom\" nowrap=\"nowrap\" width=\"47\">\n<p align=\"right\">2<\/p>\n<\/td>\n<td valign=\"bottom\" nowrap=\"nowrap\" width=\"272\">Panicum virgatum &#8216;Heavy Metal&#8217;<\/td>\n<\/tr>\n<tr>\n<td valign=\"bottom\" nowrap=\"nowrap\" width=\"47\">\n<p align=\"right\">1<\/p>\n<\/td>\n<td valign=\"bottom\" nowrap=\"nowrap\" width=\"272\">Miscanthus sinensis &#8216;Gracillimus<\/td>\n<\/tr>\n<tr>\n<td valign=\"bottom\" nowrap=\"nowrap\" width=\"47\">\n<p align=\"right\">1<\/p>\n<\/td>\n<td valign=\"bottom\" nowrap=\"nowrap\" width=\"272\">Miscanthus sinensis &#8216;Morning Light&#8217;<\/td>\n<\/tr>\n<tr>\n<td valign=\"bottom\" nowrap=\"nowrap\" width=\"47\">\n<p align=\"right\">2<\/p>\n<\/td>\n<td valign=\"bottom\" nowrap=\"nowrap\" width=\"272\">Calamagrostis acutiflora &#8216;Overdam&#8217;<\/td>\n<\/tr>\n<tr>\n<td valign=\"bottom\" nowrap=\"nowrap\" width=\"47\">\n<p align=\"right\">7<\/p>\n<\/td>\n<td valign=\"bottom\" nowrap=\"nowrap\" width=\"272\">Hakonechloa macra<\/td>\n<\/tr>\n<tr>\n<td valign=\"bottom\" nowrap=\"nowrap\" width=\"47\">\n<p align=\"right\">7<\/p>\n<\/td>\n<td valign=\"bottom\" nowrap=\"nowrap\" width=\"272\">Alchemilla mollis daggk\u00e5pa<\/td>\n<\/tr>\n<tr>\n<td valign=\"bottom\" nowrap=\"nowrap\" width=\"47\">\n<p align=\"right\">2<\/p>\n<\/td>\n<td valign=\"bottom\" nowrap=\"nowrap\" width=\"272\">Molinia caerulea &#8216;Moorhexe&#8217;<\/td>\n<\/tr>\n<tr>\n<td valign=\"bottom\" nowrap=\"nowrap\" width=\"47\">\n<p align=\"right\">3<\/p>\n<\/td>\n<td valign=\"bottom\" nowrap=\"nowrap\" width=\"272\">Astilbe arendsii &#8216;Cattleya&#8217;<\/td>\n<\/tr>\n<tr>\n<td valign=\"bottom\" nowrap=\"nowrap\" width=\"47\">\n<p align=\"right\">3<\/p>\n<\/td>\n<td valign=\"bottom\" nowrap=\"nowrap\" width=\"272\">Astilbe arendsii &#8216;Brautschleier&#8217; vit<\/td>\n<\/tr>\n<tr>\n<td valign=\"bottom\" nowrap=\"nowrap\" width=\"47\">\n<p align=\"right\">3<\/p>\n<\/td>\n<td valign=\"bottom\" nowrap=\"nowrap\" width=\"272\">Astilbe arendsii hybrid &#8216;Fanal&#8217;<\/td>\n<\/tr>\n<tr>\n<td valign=\"bottom\" nowrap=\"nowrap\" width=\"47\">\n<p align=\"right\">9<\/p>\n<\/td>\n<td valign=\"bottom\" nowrap=\"nowrap\" width=\"272\">Astilbe arendsii hybrid &#8216;Europa&#8217;<\/td>\n<\/tr>\n<tr>\n<td valign=\"bottom\" nowrap=\"nowrap\" width=\"47\">\n<p align=\"right\">3<\/p>\n<\/td>\n<td valign=\"bottom\" nowrap=\"nowrap\" width=\"272\">Astrantia major &#8216;Rubra&#8217;<\/td>\n<\/tr>\n<tr>\n<td valign=\"bottom\" nowrap=\"nowrap\" width=\"47\">\n<p align=\"right\">3<\/p>\n<\/td>\n<td valign=\"bottom\" nowrap=\"nowrap\" width=\"272\">Astrantia major &#8216;Alba&#8217;<\/td>\n<\/tr>\n<tr>\n<td valign=\"bottom\" nowrap=\"nowrap\" width=\"47\">\n<p align=\"right\">3<\/p>\n<\/td>\n<td valign=\"bottom\" nowrap=\"nowrap\" width=\"272\">Astrantia &#8216;Star of Royal&#8217;<\/td>\n<\/tr>\n<tr>\n<td valign=\"bottom\" nowrap=\"nowrap\" width=\"47\">\n<p align=\"right\">18<\/p>\n<\/td>\n<td valign=\"bottom\" nowrap=\"nowrap\" width=\"272\">Knautia macedonica &#8216;mars Midget&#8217; grekv\u00e4dd<\/td>\n<\/tr>\n<tr>\n<td valign=\"bottom\" nowrap=\"nowrap\" width=\"47\">\n<p align=\"right\">9<\/p>\n<\/td>\n<td valign=\"bottom\" nowrap=\"nowrap\" width=\"272\">Sanguisorba officinalis &#8216;Tanna&#8217;<\/td>\n<\/tr>\n<tr>\n<td valign=\"bottom\" nowrap=\"nowrap\" width=\"47\">\n<p align=\"right\">6<\/p>\n<\/td>\n<td valign=\"bottom\" nowrap=\"nowrap\" width=\"272\">Thalictrum Delavay<\/td>\n<\/tr>\n<tr>\n<td valign=\"bottom\" nowrap=\"nowrap\" width=\"47\">\n<p align=\"right\">6<\/p>\n<\/td>\n<td valign=\"bottom\" nowrap=\"nowrap\" width=\"272\">Veronicastrum virginicum &#8216;Fascination&#8217; lilabl\u00e5<\/td>\n<\/tr>\n<tr>\n<td valign=\"bottom\" nowrap=\"nowrap\" width=\"47\">\n<p align=\"right\">6<\/p>\n<\/td>\n<td valign=\"bottom\" nowrap=\"nowrap\" width=\"272\">Veronicastrum virginicum &#8216;Pink Glow&#8217; m\u00f6rkrosa<\/td>\n<\/tr>\n<tr>\n<td valign=\"bottom\" nowrap=\"nowrap\" width=\"47\">\n<p align=\"right\">6<\/p>\n<\/td>\n<td valign=\"bottom\" nowrap=\"nowrap\" width=\"272\">Veronicastrum virginicum &#8216;Album&#8217;<\/td>\n<\/tr>\n<tr>\n<td valign=\"bottom\" nowrap=\"nowrap\" width=\"47\">\n<p align=\"right\">6<\/p>\n<\/td>\n<td valign=\"bottom\" nowrap=\"nowrap\" width=\"272\">Nepeta x faassenii &#8216;Walkers Low&#8217;<\/td>\n<\/tr>\n<tr>\n<td valign=\"bottom\" nowrap=\"nowrap\" width=\"47\">\n<p align=\"right\">6<\/p>\n<\/td>\n<td valign=\"bottom\" nowrap=\"nowrap\" width=\"272\">Cephalaria gigantea<\/td>\n<\/tr>\n<tr>\n<td valign=\"bottom\" nowrap=\"nowrap\" width=\"47\">\n<p align=\"right\">6<\/p>\n<\/td>\n<td valign=\"bottom\" nowrap=\"nowrap\" width=\"272\">Agastache &#8216;Black Adder&#8217;<\/td>\n<\/tr>\n<tr>\n<td valign=\"bottom\" nowrap=\"nowrap\" width=\"47\">\n<p align=\"right\">6<\/p>\n<\/td>\n<td valign=\"bottom\" nowrap=\"nowrap\" width=\"272\">Agastache &#8216;Blue Fourtune&#8217;<\/td>\n<\/tr>\n<tr>\n<td valign=\"bottom\" nowrap=\"nowrap\" width=\"47\">\n<p align=\"right\">13<\/p>\n<\/td>\n<td valign=\"bottom\" nowrap=\"nowrap\" width=\"272\">Cimicifuga ramosa &#8216;Atropurpurea<\/td>\n<\/tr>\n<tr>\n<td valign=\"bottom\" nowrap=\"nowrap\" width=\"47\">\n<p align=\"right\">12<\/p>\n<\/td>\n<td valign=\"bottom\" nowrap=\"nowrap\" width=\"272\">Epimedium rubrum<\/td>\n<\/tr>\n<tr>\n<td valign=\"bottom\" nowrap=\"nowrap\" width=\"47\">\n<p align=\"right\">12<\/p>\n<\/td>\n<td valign=\"bottom\" nowrap=\"nowrap\" width=\"272\">Epimedium &#8216;Nanum&#8217;<\/td>\n<\/tr>\n<tr>\n<td valign=\"bottom\" nowrap=\"nowrap\" width=\"47\">\n<p align=\"right\">12<\/p>\n<\/td>\n<td valign=\"bottom\" nowrap=\"nowrap\" width=\"272\">Epimedium grandiflorum \u2019Lilafee\u2019<\/td>\n<\/tr>\n<tr>\n<td valign=\"bottom\" nowrap=\"nowrap\" width=\"47\">\n<p align=\"right\">12<\/p>\n<\/td>\n<td valign=\"bottom\" nowrap=\"nowrap\" width=\"272\">Heuchera micranta &#8216;Palace Purple&#8217;<\/td>\n<\/tr>\n<tr>\n<td valign=\"bottom\" nowrap=\"nowrap\" width=\"47\">\n<p align=\"right\">16<\/p>\n<\/td>\n<td valign=\"bottom\" nowrap=\"nowrap\" width=\"272\">Brunnera macrophylla &#8216;Jacks Frost&#8217;<\/td>\n<\/tr>\n<tr>\n<td valign=\"bottom\" nowrap=\"nowrap\" width=\"47\">\n<p align=\"right\">16<\/p>\n<\/td>\n<td valign=\"bottom\" nowrap=\"nowrap\" width=\"272\">Tiarella cordifolia &#8216;Mint Chocolate&#8217;<\/td>\n<\/tr>\n<tr>\n<td valign=\"bottom\" nowrap=\"nowrap\" width=\"47\">\n<p align=\"right\">4<\/p>\n<\/td>\n<td valign=\"bottom\" nowrap=\"nowrap\" width=\"272\">Geranium macrorrhizum<\/td>\n<\/tr>\n<tr>\n<td valign=\"bottom\" nowrap=\"nowrap\" width=\"47\">\n<p align=\"right\">16<\/p>\n<\/td>\n<td valign=\"bottom\" nowrap=\"nowrap\" width=\"272\">Geranium macrorrhizum &#8216;Spessart&#8217;<\/td>\n<\/tr>\n<tr>\n<td valign=\"bottom\" nowrap=\"nowrap\" width=\"47\">\n<p align=\"right\">35<\/p>\n<\/td>\n<td valign=\"bottom\" nowrap=\"nowrap\" width=\"272\">Geranium macrorrhizum &#8216;Ingwersen&#8217;s var.<\/td>\n<\/tr>\n<tr>\n<td valign=\"bottom\" nowrap=\"nowrap\" width=\"47\">\n<p align=\"right\">20<\/p>\n<\/td>\n<td valign=\"bottom\" nowrap=\"nowrap\" width=\"272\">Lavendula angustifolia &#8216;Hidcote Blue&#8217;<\/td>\n<\/tr>\n<tr>\n<td valign=\"bottom\" nowrap=\"nowrap\" width=\"47\">\n<p align=\"right\">6<\/p>\n<\/td>\n<td valign=\"bottom\" nowrap=\"nowrap\" width=\"272\">Echinacea purpurea &#8216;Green Envy&#8217;<\/td>\n<\/tr>\n<tr>\n<td valign=\"bottom\" nowrap=\"nowrap\" width=\"47\">\n<p align=\"right\">6<\/p>\n<\/td>\n<td valign=\"bottom\" nowrap=\"nowrap\" width=\"272\">Echinacea purpurea &#8216;Harvest Moon&#8217;<\/td>\n<\/tr>\n<tr>\n<td valign=\"bottom\" nowrap=\"nowrap\" width=\"47\">\n<p align=\"right\">9<\/p>\n<\/td>\n<td valign=\"bottom\" nowrap=\"nowrap\" width=\"272\">Helenium -hybrid &#8216;Moerheim Beauty&#8217;<\/td>\n<\/tr>\n<\/tbody>\n<\/table>\n","protected":false},"excerpt":{"rendered":"","protected":false},"author":2,"featured_media":0,"comment_status":"closed","ping_status":"closed","sticky":false,"template":"","format":"standard","meta":{"saved_in_kubio":false,"footnotes":""},"categories":[1,15],"tags":[5,6],"class_list":["post-270","post","type-post","status-publish","format-standard","hentry","category-referenser","category-vaxtforteckningar","tag-elisabeths-lycka","tag-vaxtforteckning"],"yoast_head":"<!-- This site is optimized with the Yoast SEO plugin v22.1 - https:\/\/yoast.com\/wordpress\/plugins\/seo\/ -->\n<title>V\u00e4xtf\u00f6rteckning Elisabets Lycka - Lykkans Designtr\u00e4dg\u00e5rdar AB<\/title>\n<meta name=\"robots\" content=\"index, follow, max-snippet:-1, max-image-preview:large, max-video-preview:-1\" \/>\n<link rel=\"canonical\" href=\"https:\/\/lykkans.se\/index.php\/2011\/08\/vaxtforteckning-elisabets-lycka\/\" \/>\n<meta property=\"og:locale\" content=\"en_US\" \/>\n<meta property=\"og:type\" content=\"article\" \/>\n<meta property=\"og:title\" content=\"V\u00e4xtf\u00f6rteckning Elisabets Lycka - Lykkans Designtr\u00e4dg\u00e5rdar AB\" \/>\n<meta property=\"og:url\" content=\"https:\/\/lykkans.se\/index.php\/2011\/08\/vaxtforteckning-elisabets-lycka\/\" \/>\n<meta property=\"og:site_name\" content=\"Lykkans Designtr\u00e4dg\u00e5rdar AB\" \/>\n<meta property=\"article:publisher\" content=\"https:\/\/www.facebook.com\/Lykkans\" \/>\n<meta property=\"article:published_time\" content=\"2011-08-16T08:04:30+00:00\" \/>\n<meta property=\"article:modified_time\" content=\"2012-01-15T16:12:47+00:00\" \/>\n<meta name=\"author\" content=\"Anette\" \/>\n<meta name=\"twitter:card\" content=\"summary_large_image\" \/>\n<meta name=\"twitter:label1\" content=\"Written by\" \/>\n\t<meta name=\"twitter:data1\" content=\"Anette\" \/>\n\t<meta name=\"twitter:label2\" content=\"Est. reading time\" \/>\n\t<meta name=\"twitter:data2\" content=\"1 minute\" \/>\n<script type=\"application\/ld+json\" class=\"yoast-schema-graph\">{\"@context\":\"https:\/\/schema.org\",\"@graph\":[{\"@type\":\"Article\",\"@id\":\"https:\/\/lykkans.se\/index.php\/2011\/08\/vaxtforteckning-elisabets-lycka\/#article\",\"isPartOf\":{\"@id\":\"https:\/\/lykkans.se\/index.php\/2011\/08\/vaxtforteckning-elisabets-lycka\/\"},\"author\":{\"name\":\"Anette\",\"@id\":\"https:\/\/lykkans.se\/#\/schema\/person\/b4a6bafe7258e625683fb5620c135303\"},\"headline\":\"V\u00e4xtf\u00f6rteckning Elisabets Lycka\",\"datePublished\":\"2011-08-16T08:04:30+00:00\",\"dateModified\":\"2012-01-15T16:12:47+00:00\",\"mainEntityOfPage\":{\"@id\":\"https:\/\/lykkans.se\/index.php\/2011\/08\/vaxtforteckning-elisabets-lycka\/\"},\"wordCount\":206,\"publisher\":{\"@id\":\"https:\/\/lykkans.se\/#organization\"},\"keywords\":[\"Elisabeths Lycka\",\"V\u00e4xtf\u00f6rteckning\"],\"articleSection\":[\"Referenser\",\"V\u00e4xtf\u00f6rteckningar\"],\"inLanguage\":\"en-US\"},{\"@type\":\"WebPage\",\"@id\":\"https:\/\/lykkans.se\/index.php\/2011\/08\/vaxtforteckning-elisabets-lycka\/\",\"url\":\"https:\/\/lykkans.se\/index.php\/2011\/08\/vaxtforteckning-elisabets-lycka\/\",\"name\":\"V\u00e4xtf\u00f6rteckning Elisabets Lycka - Lykkans Designtr\u00e4dg\u00e5rdar AB\",\"isPartOf\":{\"@id\":\"https:\/\/lykkans.se\/#website\"},\"datePublished\":\"2011-08-16T08:04:30+00:00\",\"dateModified\":\"2012-01-15T16:12:47+00:00\",\"breadcrumb\":{\"@id\":\"https:\/\/lykkans.se\/index.php\/2011\/08\/vaxtforteckning-elisabets-lycka\/#breadcrumb\"},\"inLanguage\":\"en-US\",\"potentialAction\":[{\"@type\":\"ReadAction\",\"target\":[\"https:\/\/lykkans.se\/index.php\/2011\/08\/vaxtforteckning-elisabets-lycka\/\"]}]},{\"@type\":\"BreadcrumbList\",\"@id\":\"https:\/\/lykkans.se\/index.php\/2011\/08\/vaxtforteckning-elisabets-lycka\/#breadcrumb\",\"itemListElement\":[{\"@type\":\"ListItem\",\"position\":1,\"name\":\"Home\",\"item\":\"https:\/\/lykkans.se\/\"},{\"@type\":\"ListItem\",\"position\":2,\"name\":\"V\u00e4xtf\u00f6rteckning Elisabets Lycka\"}]},{\"@type\":\"WebSite\",\"@id\":\"https:\/\/lykkans.se\/#website\",\"url\":\"https:\/\/lykkans.se\/\",\"name\":\"Lykkans Designtr\u00e4dg\u00e5rdar AB\",\"description\":\"Tr\u00e4dg\u00e5rdsdesign med tr\u00e4dg\u00e5rdsarkitekt Anette G\u00e5rdhagen 070-888 1191\",\"publisher\":{\"@id\":\"https:\/\/lykkans.se\/#organization\"},\"potentialAction\":[{\"@type\":\"SearchAction\",\"target\":{\"@type\":\"EntryPoint\",\"urlTemplate\":\"https:\/\/lykkans.se\/?s={search_term_string}\"},\"query-input\":\"required name=search_term_string\"}],\"inLanguage\":\"en-US\"},{\"@type\":\"Organization\",\"@id\":\"https:\/\/lykkans.se\/#organization\",\"name\":\"Lykkans Designtr\u00e4dg\u00e5rdar AB\",\"url\":\"https:\/\/lykkans.se\/\",\"logo\":{\"@type\":\"ImageObject\",\"inLanguage\":\"en-US\",\"@id\":\"https:\/\/lykkans.se\/#\/schema\/logo\/image\/\",\"url\":\"https:\/\/lykkans.se\/wp-content\/uploads\/2021\/02\/cropped-0909-lykkans-designtradgardar-logo_m_outline_A4-3.pdf\",\"contentUrl\":\"https:\/\/lykkans.se\/wp-content\/uploads\/2021\/02\/cropped-0909-lykkans-designtradgardar-logo_m_outline_A4-3.pdf\",\"caption\":\"Lykkans Designtr\u00e4dg\u00e5rdar AB\"},\"image\":{\"@id\":\"https:\/\/lykkans.se\/#\/schema\/logo\/image\/\"},\"sameAs\":[\"https:\/\/www.facebook.com\/Lykkans\"]},{\"@type\":\"Person\",\"@id\":\"https:\/\/lykkans.se\/#\/schema\/person\/b4a6bafe7258e625683fb5620c135303\",\"name\":\"Anette\",\"image\":{\"@type\":\"ImageObject\",\"inLanguage\":\"en-US\",\"@id\":\"https:\/\/lykkans.se\/#\/schema\/person\/image\/\",\"url\":\"https:\/\/secure.gravatar.com\/avatar\/4b2b0b316cf99e2d2db42839cd347e8315d09ba8bf79316b39caa9209d237805?s=96&d=identicon&r=g\",\"contentUrl\":\"https:\/\/secure.gravatar.com\/avatar\/4b2b0b316cf99e2d2db42839cd347e8315d09ba8bf79316b39caa9209d237805?s=96&d=identicon&r=g\",\"caption\":\"Anette\"},\"sameAs\":[\"http:\/\/lykkans.se\"],\"url\":\"https:\/\/lykkans.se\/index.php\/author\/anette\/\"}]}<\/script>\n<!-- \/ Yoast SEO plugin. -->","yoast_head_json":{"title":"V\u00e4xtf\u00f6rteckning Elisabets Lycka - Lykkans Designtr\u00e4dg\u00e5rdar AB","robots":{"index":"index","follow":"follow","max-snippet":"max-snippet:-1","max-image-preview":"max-image-preview:large","max-video-preview":"max-video-preview:-1"},"canonical":"https:\/\/lykkans.se\/index.php\/2011\/08\/vaxtforteckning-elisabets-lycka\/","og_locale":"en_US","og_type":"article","og_title":"V\u00e4xtf\u00f6rteckning Elisabets Lycka - Lykkans Designtr\u00e4dg\u00e5rdar AB","og_url":"https:\/\/lykkans.se\/index.php\/2011\/08\/vaxtforteckning-elisabets-lycka\/","og_site_name":"Lykkans Designtr\u00e4dg\u00e5rdar AB","article_publisher":"https:\/\/www.facebook.com\/Lykkans","article_published_time":"2011-08-16T08:04:30+00:00","article_modified_time":"2012-01-15T16:12:47+00:00","author":"Anette","twitter_card":"summary_large_image","twitter_misc":{"Written by":"Anette","Est. reading time":"1 minute"},"schema":{"@context":"https:\/\/schema.org","@graph":[{"@type":"Article","@id":"https:\/\/lykkans.se\/index.php\/2011\/08\/vaxtforteckning-elisabets-lycka\/#article","isPartOf":{"@id":"https:\/\/lykkans.se\/index.php\/2011\/08\/vaxtforteckning-elisabets-lycka\/"},"author":{"name":"Anette","@id":"https:\/\/lykkans.se\/#\/schema\/person\/b4a6bafe7258e625683fb5620c135303"},"headline":"V\u00e4xtf\u00f6rteckning Elisabets Lycka","datePublished":"2011-08-16T08:04:30+00:00","dateModified":"2012-01-15T16:12:47+00:00","mainEntityOfPage":{"@id":"https:\/\/lykkans.se\/index.php\/2011\/08\/vaxtforteckning-elisabets-lycka\/"},"wordCount":206,"publisher":{"@id":"https:\/\/lykkans.se\/#organization"},"keywords":["Elisabeths Lycka","V\u00e4xtf\u00f6rteckning"],"articleSection":["Referenser","V\u00e4xtf\u00f6rteckningar"],"inLanguage":"en-US"},{"@type":"WebPage","@id":"https:\/\/lykkans.se\/index.php\/2011\/08\/vaxtforteckning-elisabets-lycka\/","url":"https:\/\/lykkans.se\/index.php\/2011\/08\/vaxtforteckning-elisabets-lycka\/","name":"V\u00e4xtf\u00f6rteckning Elisabets Lycka - Lykkans Designtr\u00e4dg\u00e5rdar AB","isPartOf":{"@id":"https:\/\/lykkans.se\/#website"},"datePublished":"2011-08-16T08:04:30+00:00","dateModified":"2012-01-15T16:12:47+00:00","breadcrumb":{"@id":"https:\/\/lykkans.se\/index.php\/2011\/08\/vaxtforteckning-elisabets-lycka\/#breadcrumb"},"inLanguage":"en-US","potentialAction":[{"@type":"ReadAction","target":["https:\/\/lykkans.se\/index.php\/2011\/08\/vaxtforteckning-elisabets-lycka\/"]}]},{"@type":"BreadcrumbList","@id":"https:\/\/lykkans.se\/index.php\/2011\/08\/vaxtforteckning-elisabets-lycka\/#breadcrumb","itemListElement":[{"@type":"ListItem","position":1,"name":"Home","item":"https:\/\/lykkans.se\/"},{"@type":"ListItem","position":2,"name":"V\u00e4xtf\u00f6rteckning Elisabets Lycka"}]},{"@type":"WebSite","@id":"https:\/\/lykkans.se\/#website","url":"https:\/\/lykkans.se\/","name":"Lykkans Designtr\u00e4dg\u00e5rdar AB","description":"Tr\u00e4dg\u00e5rdsdesign med tr\u00e4dg\u00e5rdsarkitekt Anette G\u00e5rdhagen 070-888 1191","publisher":{"@id":"https:\/\/lykkans.se\/#organization"},"potentialAction":[{"@type":"SearchAction","target":{"@type":"EntryPoint","urlTemplate":"https:\/\/lykkans.se\/?s={search_term_string}"},"query-input":"required name=search_term_string"}],"inLanguage":"en-US"},{"@type":"Organization","@id":"https:\/\/lykkans.se\/#organization","name":"Lykkans Designtr\u00e4dg\u00e5rdar AB","url":"https:\/\/lykkans.se\/","logo":{"@type":"ImageObject","inLanguage":"en-US","@id":"https:\/\/lykkans.se\/#\/schema\/logo\/image\/","url":"https:\/\/lykkans.se\/wp-content\/uploads\/2021\/02\/cropped-0909-lykkans-designtradgardar-logo_m_outline_A4-3.pdf","contentUrl":"https:\/\/lykkans.se\/wp-content\/uploads\/2021\/02\/cropped-0909-lykkans-designtradgardar-logo_m_outline_A4-3.pdf","caption":"Lykkans Designtr\u00e4dg\u00e5rdar AB"},"image":{"@id":"https:\/\/lykkans.se\/#\/schema\/logo\/image\/"},"sameAs":["https:\/\/www.facebook.com\/Lykkans"]},{"@type":"Person","@id":"https:\/\/lykkans.se\/#\/schema\/person\/b4a6bafe7258e625683fb5620c135303","name":"Anette","image":{"@type":"ImageObject","inLanguage":"en-US","@id":"https:\/\/lykkans.se\/#\/schema\/person\/image\/","url":"https:\/\/secure.gravatar.com\/avatar\/4b2b0b316cf99e2d2db42839cd347e8315d09ba8bf79316b39caa9209d237805?s=96&d=identicon&r=g","contentUrl":"https:\/\/secure.gravatar.com\/avatar\/4b2b0b316cf99e2d2db42839cd347e8315d09ba8bf79316b39caa9209d237805?s=96&d=identicon&r=g","caption":"Anette"},"sameAs":["http:\/\/lykkans.se"],"url":"https:\/\/lykkans.se\/index.php\/author\/anette\/"}]}},"_links":{"self":[{"href":"https:\/\/lykkans.se\/index.php\/wp-json\/wp\/v2\/posts\/270","targetHints":{"allow":["GET"]}}],"collection":[{"href":"https:\/\/lykkans.se\/index.php\/wp-json\/wp\/v2\/posts"}],"about":[{"href":"https:\/\/lykkans.se\/index.php\/wp-json\/wp\/v2\/types\/post"}],"author":[{"embeddable":true,"href":"https:\/\/lykkans.se\/index.php\/wp-json\/wp\/v2\/users\/2"}],"replies":[{"embeddable":true,"href":"https:\/\/lykkans.se\/index.php\/wp-json\/wp\/v2\/comments?post=270"}],"version-history":[{"count":5,"href":"https:\/\/lykkans.se\/index.php\/wp-json\/wp\/v2\/posts\/270\/revisions"}],"predecessor-version":[{"id":273,"href":"https:\/\/lykkans.se\/index.php\/wp-json\/wp\/v2\/posts\/270\/revisions\/273"}],"wp:attachment":[{"href":"https:\/\/lykkans.se\/index.php\/wp-json\/wp\/v2\/media?parent=270"}],"wp:term":[{"taxonomy":"category","embeddable":true,"href":"https:\/\/lykkans.se\/index.php\/wp-json\/wp\/v2\/categories?post=270"},{"taxonomy":"post_tag","embeddable":true,"href":"https:\/\/lykkans.se\/index.php\/wp-json\/wp\/v2\/tags?post=270"}],"curies":[{"name":"wp","href":"https:\/\/api.w.org\/{rel}","templated":true}]}}