{"id":300,"date":"2011-08-24T21:58:01","date_gmt":"2011-08-24T20:58:01","guid":{"rendered":"http:\/\/lykkans.se\/?p=300"},"modified":"2012-01-12T14:22:30","modified_gmt":"2012-01-12T13:22:30","slug":"lailas-lycka-fore-nyanlaggning","status":"publish","type":"post","link":"https:\/\/lykkans.se\/index.php\/2011\/08\/lailas-lycka-fore-nyanlaggning\/","title":{"rendered":"Lailas Lycka f\u00f6re nyanl\u00e4ggning"},"content":{"rendered":"<p><!--more--><\/p>\n<p><a href=\"http:\/\/lykkans.se\/wp-content\/uploads\/2011\/08\/Lailas-Lycka-b.jpg\"><img loading=\"lazy\" decoding=\"async\" class=\"alignnone size-full wp-image-301\" title=\"Lailas-Lycka-b\" src=\"http:\/\/lykkans.se\/wp-content\/uploads\/2011\/08\/Lailas-Lycka-b.jpg\" alt=\"\" width=\"635\" height=\"476\" srcset=\"https:\/\/lykkans.se\/wp-content\/uploads\/2011\/08\/Lailas-Lycka-b.jpg 635w, https:\/\/lykkans.se\/wp-content\/uploads\/2011\/08\/Lailas-Lycka-b-300x224.jpg 300w\" sizes=\"(max-width: 635px) 100vw, 635px\" \/><\/a><\/p>\n<p>S\u00e5 h\u00e4r s\u00e5g det ut p\u00e5 h\u00f6sten innan vi b\u00f6rjade nyanl\u00e4ggningen av tr\u00e4dg\u00e5rden. En stor yta som \u00e4ven \u00e4r husets entr\u00e9sida. En yta som inte har utnyttjats speciellt mycket, men nu \u00f6nskar man en s\u00e4llskapsyta, med insynsskydd och planteringar.<\/p>\n<p><a href=\"http:\/\/lykkans.se\/wp-content\/uploads\/2011\/08\/Lailas-Lycka-i.jpg\"><img loading=\"lazy\" decoding=\"async\" class=\"alignnone size-full wp-image-302\" title=\"Aronia buske\" src=\"http:\/\/lykkans.se\/wp-content\/uploads\/2011\/08\/Lailas-Lycka-i.jpg\" alt=\"\" width=\"635\" height=\"476\" srcset=\"https:\/\/lykkans.se\/wp-content\/uploads\/2011\/08\/Lailas-Lycka-i.jpg 635w, https:\/\/lykkans.se\/wp-content\/uploads\/2011\/08\/Lailas-Lycka-i-300x224.jpg 300w\" sizes=\"(max-width: 635px) 100vw, 635px\" \/><\/a><\/p>\n<p>Baksidan mot norr, den h\u00e4r delen av tr\u00e4dg\u00e5rden \u00a0var lite bortgl\u00f6md, mest en transportg\u00e5ng runt huset. H\u00e4r finns en k\u00f6ksutg\u00e5ng som g\u00f6r den h\u00e4r platsen perfekt, f\u00f6r att skapa en stilla sittplats f\u00f6r det f\u00f6rsta morgonkaffet.<\/p>\n<p><a href=\"http:\/\/lykkans.se\/wp-content\/uploads\/2011\/08\/Lailas-Lycka-j.jpg\"><img loading=\"lazy\" decoding=\"async\" class=\"alignnone size-full wp-image-303\" title=\"Lailas-Lycka-j\" src=\"http:\/\/lykkans.se\/wp-content\/uploads\/2011\/08\/Lailas-Lycka-j.jpg\" alt=\"\" width=\"635\" height=\"476\" srcset=\"https:\/\/lykkans.se\/wp-content\/uploads\/2011\/08\/Lailas-Lycka-j.jpg 635w, https:\/\/lykkans.se\/wp-content\/uploads\/2011\/08\/Lailas-Lycka-j-300x224.jpg 300w\" sizes=\"(max-width: 635px) 100vw, 635px\" \/><\/a><\/p>\n<p>Den h\u00e4r platsen \u00e4r flitigt utnyttjad, och nu vill paret g\u00f6ra den st\u00f6rre och trivsammare.\u00a0<a href=\"http:\/\/lykkans.se\/wp-content\/uploads\/2011\/08\/Lailas-Lycka-c.jpg\"><img loading=\"lazy\" decoding=\"async\" class=\"alignnone size-full wp-image-305\" title=\"Lailas-Lycka-c\" src=\"http:\/\/lykkans.se\/wp-content\/uploads\/2011\/08\/Lailas-Lycka-c.jpg\" alt=\"\" width=\"635\" height=\"476\" srcset=\"https:\/\/lykkans.se\/wp-content\/uploads\/2011\/08\/Lailas-Lycka-c.jpg 635w, https:\/\/lykkans.se\/wp-content\/uploads\/2011\/08\/Lailas-Lycka-c-300x224.jpg 300w\" sizes=\"(max-width: 635px) 100vw, 635px\" \/><\/a><\/p>\n<p>H\u00e4r \u00e4r platsen f\u00f6r odling, ett v\u00e4xthus, och odling i pallkragar, h\u00e4r finns kiwiplantor och vindruvor, och rabarber. Odling \u00e4r ett stort intresse och nu vill paret skapa mer och b\u00e4ttre f\u00f6ruts\u00e4ttning f\u00f6r sina kiwiplantor och druvor, och man vill g\u00e4rna plantera fler kl\u00e4tterv\u00e4xter.<\/p>\n<p><a href=\"http:\/\/lykkans.se\/wp-content\/uploads\/2011\/08\/Lailas-Lycka-h.jpg\"><img loading=\"lazy\" decoding=\"async\" class=\"alignnone size-full wp-image-306\" title=\"Lailas-Lycka-h\" src=\"http:\/\/lykkans.se\/wp-content\/uploads\/2011\/08\/Lailas-Lycka-h.jpg\" alt=\"\" width=\"635\" height=\"476\" srcset=\"https:\/\/lykkans.se\/wp-content\/uploads\/2011\/08\/Lailas-Lycka-h.jpg 635w, https:\/\/lykkans.se\/wp-content\/uploads\/2011\/08\/Lailas-Lycka-h-300x224.jpg 300w\" sizes=\"(max-width: 635px) 100vw, 635px\" \/><\/a><\/p>\n<p>Tv\u00e5 gamla plommontr\u00e4d, som l\u00e4nge har gett b\u00e5de plommon och gl\u00e4dje till familjen, men som nu f\u00e5r ge plats till \u00a0mer enkla och l\u00e4ttsk\u00f6tta tr\u00e4dg\u00e5rdsv\u00e4nner. H\u00e4r anl\u00e4gger vi en Rhododendrondal.<\/p>\n<p><a href=\"http:\/\/lykkans.se\/wp-content\/uploads\/2011\/08\/Lailas-Lycka-l.jpg\"><img loading=\"lazy\" decoding=\"async\" class=\"alignnone size-full wp-image-307\" title=\"Acer tataricum\" src=\"http:\/\/lykkans.se\/wp-content\/uploads\/2011\/08\/Lailas-Lycka-l.jpg\" alt=\"\" width=\"635\" height=\"476\" srcset=\"https:\/\/lykkans.se\/wp-content\/uploads\/2011\/08\/Lailas-Lycka-l.jpg 635w, https:\/\/lykkans.se\/wp-content\/uploads\/2011\/08\/Lailas-Lycka-l-300x224.jpg 300w\" sizes=\"(max-width: 635px) 100vw, 635px\" \/><\/a><\/p>\n<p>Det h\u00e4r \u00e4r tomtens sydv\u00e4stra h\u00f6rn. \u00a0<em>Acer tataricum ginnala<\/em>, ginnalal\u00f6nn. En stor flerstammig buske\/mindre tr\u00e4d, med fantastiska h\u00f6stf\u00e4rger i r\u00f6tt och gult. Perenner och olika rododendron samsas under tr\u00e4det. Dessa rododendron samt andra rododendron som \u00e4r utspridda i tr\u00e4dg\u00e5rden flyttar vi till den nya rododendrondalen.<\/p>\n<p><a href=\"http:\/\/lykkans.se\/wp-content\/uploads\/2011\/08\/Lailas-Lycka-n.jpg\"><img loading=\"lazy\" decoding=\"async\" class=\"alignnone size-full wp-image-308\" title=\"Lailas-Lycka-n\" src=\"http:\/\/lykkans.se\/wp-content\/uploads\/2011\/08\/Lailas-Lycka-n.jpg\" alt=\"\" width=\"635\" height=\"476\" srcset=\"https:\/\/lykkans.se\/wp-content\/uploads\/2011\/08\/Lailas-Lycka-n.jpg 635w, https:\/\/lykkans.se\/wp-content\/uploads\/2011\/08\/Lailas-Lycka-n-300x224.jpg 300w\" sizes=\"(max-width: 635px) 100vw, 635px\" \/><\/a><\/p>\n<p>H\u00e4r ska vi minska den stora gr\u00e4smattan, och anl\u00e4gga planteringar med mycket markt\u00e4ckande perenner. Den fina h\u00e4ngbj\u00f6rken har klart sin plats.<\/p>\n<p>F\u00f6lj g\u00e4rna anl\u00e4ggnings arbetet bilder kommer inom kort.<\/p>\n<p>&nbsp;<\/p>\n","protected":false},"excerpt":{"rendered":"","protected":false},"author":2,"featured_media":0,"comment_status":"closed","ping_status":"closed","sticky":false,"template":"","format":"standard","meta":{"saved_in_kubio":false,"footnotes":""},"categories":[1],"tags":[7],"class_list":["post-300","post","type-post","status-publish","format-standard","hentry","category-referenser","tag-lailas-lycka"],"yoast_head":"<!-- This site is optimized with the Yoast SEO plugin v22.1 - https:\/\/yoast.com\/wordpress\/plugins\/seo\/ -->\n<title>Lailas Lycka f\u00f6re nyanl\u00e4ggning - Lykkans Designtr\u00e4dg\u00e5rdar AB<\/title>\n<meta name=\"robots\" content=\"index, follow, max-snippet:-1, max-image-preview:large, max-video-preview:-1\" \/>\n<link rel=\"canonical\" href=\"https:\/\/lykkans.se\/index.php\/2011\/08\/lailas-lycka-fore-nyanlaggning\/\" \/>\n<meta property=\"og:locale\" content=\"en_US\" \/>\n<meta property=\"og:type\" content=\"article\" \/>\n<meta property=\"og:title\" content=\"Lailas Lycka f\u00f6re nyanl\u00e4ggning - Lykkans Designtr\u00e4dg\u00e5rdar AB\" \/>\n<meta property=\"og:url\" content=\"https:\/\/lykkans.se\/index.php\/2011\/08\/lailas-lycka-fore-nyanlaggning\/\" \/>\n<meta property=\"og:site_name\" content=\"Lykkans Designtr\u00e4dg\u00e5rdar AB\" \/>\n<meta property=\"article:publisher\" content=\"https:\/\/www.facebook.com\/Lykkans\" \/>\n<meta property=\"article:published_time\" content=\"2011-08-24T20:58:01+00:00\" \/>\n<meta property=\"article:modified_time\" content=\"2012-01-12T13:22:30+00:00\" \/>\n<meta property=\"og:image\" content=\"http:\/\/lykkans.se\/wp-content\/uploads\/2011\/08\/Lailas-Lycka-b.jpg\" \/>\n<meta name=\"author\" content=\"Anette\" \/>\n<meta name=\"twitter:card\" content=\"summary_large_image\" \/>\n<meta name=\"twitter:label1\" content=\"Written by\" \/>\n\t<meta name=\"twitter:data1\" content=\"Anette\" \/>\n\t<meta name=\"twitter:label2\" content=\"Est. reading time\" \/>\n\t<meta name=\"twitter:data2\" content=\"2 minutes\" \/>\n<script type=\"application\/ld+json\" class=\"yoast-schema-graph\">{\"@context\":\"https:\/\/schema.org\",\"@graph\":[{\"@type\":\"Article\",\"@id\":\"https:\/\/lykkans.se\/index.php\/2011\/08\/lailas-lycka-fore-nyanlaggning\/#article\",\"isPartOf\":{\"@id\":\"https:\/\/lykkans.se\/index.php\/2011\/08\/lailas-lycka-fore-nyanlaggning\/\"},\"author\":{\"name\":\"Anette\",\"@id\":\"https:\/\/lykkans.se\/#\/schema\/person\/b4a6bafe7258e625683fb5620c135303\"},\"headline\":\"Lailas Lycka f\u00f6re nyanl\u00e4ggning\",\"datePublished\":\"2011-08-24T20:58:01+00:00\",\"dateModified\":\"2012-01-12T13:22:30+00:00\",\"mainEntityOfPage\":{\"@id\":\"https:\/\/lykkans.se\/index.php\/2011\/08\/lailas-lycka-fore-nyanlaggning\/\"},\"wordCount\":314,\"publisher\":{\"@id\":\"https:\/\/lykkans.se\/#organization\"},\"keywords\":[\"Lailas Lycka\"],\"articleSection\":[\"Referenser\"],\"inLanguage\":\"en-US\"},{\"@type\":\"WebPage\",\"@id\":\"https:\/\/lykkans.se\/index.php\/2011\/08\/lailas-lycka-fore-nyanlaggning\/\",\"url\":\"https:\/\/lykkans.se\/index.php\/2011\/08\/lailas-lycka-fore-nyanlaggning\/\",\"name\":\"Lailas Lycka f\u00f6re nyanl\u00e4ggning - Lykkans Designtr\u00e4dg\u00e5rdar AB\",\"isPartOf\":{\"@id\":\"https:\/\/lykkans.se\/#website\"},\"datePublished\":\"2011-08-24T20:58:01+00:00\",\"dateModified\":\"2012-01-12T13:22:30+00:00\",\"breadcrumb\":{\"@id\":\"https:\/\/lykkans.se\/index.php\/2011\/08\/lailas-lycka-fore-nyanlaggning\/#breadcrumb\"},\"inLanguage\":\"en-US\",\"potentialAction\":[{\"@type\":\"ReadAction\",\"target\":[\"https:\/\/lykkans.se\/index.php\/2011\/08\/lailas-lycka-fore-nyanlaggning\/\"]}]},{\"@type\":\"BreadcrumbList\",\"@id\":\"https:\/\/lykkans.se\/index.php\/2011\/08\/lailas-lycka-fore-nyanlaggning\/#breadcrumb\",\"itemListElement\":[{\"@type\":\"ListItem\",\"position\":1,\"name\":\"Home\",\"item\":\"https:\/\/lykkans.se\/\"},{\"@type\":\"ListItem\",\"position\":2,\"name\":\"Lailas Lycka f\u00f6re nyanl\u00e4ggning\"}]},{\"@type\":\"WebSite\",\"@id\":\"https:\/\/lykkans.se\/#website\",\"url\":\"https:\/\/lykkans.se\/\",\"name\":\"Lykkans Designtr\u00e4dg\u00e5rdar AB\",\"description\":\"Tr\u00e4dg\u00e5rdsdesign med tr\u00e4dg\u00e5rdsarkitekt Anette G\u00e5rdhagen 070-888 1191\",\"publisher\":{\"@id\":\"https:\/\/lykkans.se\/#organization\"},\"potentialAction\":[{\"@type\":\"SearchAction\",\"target\":{\"@type\":\"EntryPoint\",\"urlTemplate\":\"https:\/\/lykkans.se\/?s={search_term_string}\"},\"query-input\":\"required name=search_term_string\"}],\"inLanguage\":\"en-US\"},{\"@type\":\"Organization\",\"@id\":\"https:\/\/lykkans.se\/#organization\",\"name\":\"Lykkans Designtr\u00e4dg\u00e5rdar AB\",\"url\":\"https:\/\/lykkans.se\/\",\"logo\":{\"@type\":\"ImageObject\",\"inLanguage\":\"en-US\",\"@id\":\"https:\/\/lykkans.se\/#\/schema\/logo\/image\/\",\"url\":\"https:\/\/lykkans.se\/wp-content\/uploads\/2021\/02\/cropped-0909-lykkans-designtradgardar-logo_m_outline_A4-3.pdf\",\"contentUrl\":\"https:\/\/lykkans.se\/wp-content\/uploads\/2021\/02\/cropped-0909-lykkans-designtradgardar-logo_m_outline_A4-3.pdf\",\"caption\":\"Lykkans Designtr\u00e4dg\u00e5rdar AB\"},\"image\":{\"@id\":\"https:\/\/lykkans.se\/#\/schema\/logo\/image\/\"},\"sameAs\":[\"https:\/\/www.facebook.com\/Lykkans\"]},{\"@type\":\"Person\",\"@id\":\"https:\/\/lykkans.se\/#\/schema\/person\/b4a6bafe7258e625683fb5620c135303\",\"name\":\"Anette\",\"image\":{\"@type\":\"ImageObject\",\"inLanguage\":\"en-US\",\"@id\":\"https:\/\/lykkans.se\/#\/schema\/person\/image\/\",\"url\":\"https:\/\/secure.gravatar.com\/avatar\/4b2b0b316cf99e2d2db42839cd347e8315d09ba8bf79316b39caa9209d237805?s=96&d=identicon&r=g\",\"contentUrl\":\"https:\/\/secure.gravatar.com\/avatar\/4b2b0b316cf99e2d2db42839cd347e8315d09ba8bf79316b39caa9209d237805?s=96&d=identicon&r=g\",\"caption\":\"Anette\"},\"sameAs\":[\"http:\/\/lykkans.se\"],\"url\":\"https:\/\/lykkans.se\/index.php\/author\/anette\/\"}]}<\/script>\n<!-- \/ Yoast SEO plugin. -->","yoast_head_json":{"title":"Lailas Lycka f\u00f6re nyanl\u00e4ggning - Lykkans Designtr\u00e4dg\u00e5rdar AB","robots":{"index":"index","follow":"follow","max-snippet":"max-snippet:-1","max-image-preview":"max-image-preview:large","max-video-preview":"max-video-preview:-1"},"canonical":"https:\/\/lykkans.se\/index.php\/2011\/08\/lailas-lycka-fore-nyanlaggning\/","og_locale":"en_US","og_type":"article","og_title":"Lailas Lycka f\u00f6re nyanl\u00e4ggning - Lykkans Designtr\u00e4dg\u00e5rdar AB","og_url":"https:\/\/lykkans.se\/index.php\/2011\/08\/lailas-lycka-fore-nyanlaggning\/","og_site_name":"Lykkans Designtr\u00e4dg\u00e5rdar AB","article_publisher":"https:\/\/www.facebook.com\/Lykkans","article_published_time":"2011-08-24T20:58:01+00:00","article_modified_time":"2012-01-12T13:22:30+00:00","og_image":[{"url":"http:\/\/lykkans.se\/wp-content\/uploads\/2011\/08\/Lailas-Lycka-b.jpg"}],"author":"Anette","twitter_card":"summary_large_image","twitter_misc":{"Written by":"Anette","Est. reading time":"2 minutes"},"schema":{"@context":"https:\/\/schema.org","@graph":[{"@type":"Article","@id":"https:\/\/lykkans.se\/index.php\/2011\/08\/lailas-lycka-fore-nyanlaggning\/#article","isPartOf":{"@id":"https:\/\/lykkans.se\/index.php\/2011\/08\/lailas-lycka-fore-nyanlaggning\/"},"author":{"name":"Anette","@id":"https:\/\/lykkans.se\/#\/schema\/person\/b4a6bafe7258e625683fb5620c135303"},"headline":"Lailas Lycka f\u00f6re nyanl\u00e4ggning","datePublished":"2011-08-24T20:58:01+00:00","dateModified":"2012-01-12T13:22:30+00:00","mainEntityOfPage":{"@id":"https:\/\/lykkans.se\/index.php\/2011\/08\/lailas-lycka-fore-nyanlaggning\/"},"wordCount":314,"publisher":{"@id":"https:\/\/lykkans.se\/#organization"},"keywords":["Lailas Lycka"],"articleSection":["Referenser"],"inLanguage":"en-US"},{"@type":"WebPage","@id":"https:\/\/lykkans.se\/index.php\/2011\/08\/lailas-lycka-fore-nyanlaggning\/","url":"https:\/\/lykkans.se\/index.php\/2011\/08\/lailas-lycka-fore-nyanlaggning\/","name":"Lailas Lycka f\u00f6re nyanl\u00e4ggning - Lykkans Designtr\u00e4dg\u00e5rdar AB","isPartOf":{"@id":"https:\/\/lykkans.se\/#website"},"datePublished":"2011-08-24T20:58:01+00:00","dateModified":"2012-01-12T13:22:30+00:00","breadcrumb":{"@id":"https:\/\/lykkans.se\/index.php\/2011\/08\/lailas-lycka-fore-nyanlaggning\/#breadcrumb"},"inLanguage":"en-US","potentialAction":[{"@type":"ReadAction","target":["https:\/\/lykkans.se\/index.php\/2011\/08\/lailas-lycka-fore-nyanlaggning\/"]}]},{"@type":"BreadcrumbList","@id":"https:\/\/lykkans.se\/index.php\/2011\/08\/lailas-lycka-fore-nyanlaggning\/#breadcrumb","itemListElement":[{"@type":"ListItem","position":1,"name":"Home","item":"https:\/\/lykkans.se\/"},{"@type":"ListItem","position":2,"name":"Lailas Lycka f\u00f6re nyanl\u00e4ggning"}]},{"@type":"WebSite","@id":"https:\/\/lykkans.se\/#website","url":"https:\/\/lykkans.se\/","name":"Lykkans Designtr\u00e4dg\u00e5rdar AB","description":"Tr\u00e4dg\u00e5rdsdesign med tr\u00e4dg\u00e5rdsarkitekt Anette G\u00e5rdhagen 070-888 1191","publisher":{"@id":"https:\/\/lykkans.se\/#organization"},"potentialAction":[{"@type":"SearchAction","target":{"@type":"EntryPoint","urlTemplate":"https:\/\/lykkans.se\/?s={search_term_string}"},"query-input":"required name=search_term_string"}],"inLanguage":"en-US"},{"@type":"Organization","@id":"https:\/\/lykkans.se\/#organization","name":"Lykkans Designtr\u00e4dg\u00e5rdar AB","url":"https:\/\/lykkans.se\/","logo":{"@type":"ImageObject","inLanguage":"en-US","@id":"https:\/\/lykkans.se\/#\/schema\/logo\/image\/","url":"https:\/\/lykkans.se\/wp-content\/uploads\/2021\/02\/cropped-0909-lykkans-designtradgardar-logo_m_outline_A4-3.pdf","contentUrl":"https:\/\/lykkans.se\/wp-content\/uploads\/2021\/02\/cropped-0909-lykkans-designtradgardar-logo_m_outline_A4-3.pdf","caption":"Lykkans Designtr\u00e4dg\u00e5rdar AB"},"image":{"@id":"https:\/\/lykkans.se\/#\/schema\/logo\/image\/"},"sameAs":["https:\/\/www.facebook.com\/Lykkans"]},{"@type":"Person","@id":"https:\/\/lykkans.se\/#\/schema\/person\/b4a6bafe7258e625683fb5620c135303","name":"Anette","image":{"@type":"ImageObject","inLanguage":"en-US","@id":"https:\/\/lykkans.se\/#\/schema\/person\/image\/","url":"https:\/\/secure.gravatar.com\/avatar\/4b2b0b316cf99e2d2db42839cd347e8315d09ba8bf79316b39caa9209d237805?s=96&d=identicon&r=g","contentUrl":"https:\/\/secure.gravatar.com\/avatar\/4b2b0b316cf99e2d2db42839cd347e8315d09ba8bf79316b39caa9209d237805?s=96&d=identicon&r=g","caption":"Anette"},"sameAs":["http:\/\/lykkans.se"],"url":"https:\/\/lykkans.se\/index.php\/author\/anette\/"}]}},"_links":{"self":[{"href":"https:\/\/lykkans.se\/index.php\/wp-json\/wp\/v2\/posts\/300","targetHints":{"allow":["GET"]}}],"collection":[{"href":"https:\/\/lykkans.se\/index.php\/wp-json\/wp\/v2\/posts"}],"about":[{"href":"https:\/\/lykkans.se\/index.php\/wp-json\/wp\/v2\/types\/post"}],"author":[{"embeddable":true,"href":"https:\/\/lykkans.se\/index.php\/wp-json\/wp\/v2\/users\/2"}],"replies":[{"embeddable":true,"href":"https:\/\/lykkans.se\/index.php\/wp-json\/wp\/v2\/comments?post=300"}],"version-history":[{"count":12,"href":"https:\/\/lykkans.se\/index.php\/wp-json\/wp\/v2\/posts\/300\/revisions"}],"predecessor-version":[{"id":524,"href":"https:\/\/lykkans.se\/index.php\/wp-json\/wp\/v2\/posts\/300\/revisions\/524"}],"wp:attachment":[{"href":"https:\/\/lykkans.se\/index.php\/wp-json\/wp\/v2\/media?parent=300"}],"wp:term":[{"taxonomy":"category","embeddable":true,"href":"https:\/\/lykkans.se\/index.php\/wp-json\/wp\/v2\/categories?post=300"},{"taxonomy":"post_tag","embeddable":true,"href":"https:\/\/lykkans.se\/index.php\/wp-json\/wp\/v2\/tags?post=300"}],"curies":[{"name":"wp","href":"https:\/\/api.w.org\/{rel}","templated":true}]}}