{"id":417,"date":"2011-08-30T09:56:00","date_gmt":"2011-08-30T08:56:00","guid":{"rendered":"http:\/\/lykkans.se\/?p=417"},"modified":"2012-01-15T17:12:21","modified_gmt":"2012-01-15T16:12:21","slug":"vaxtforteckning-villa-hjaru","status":"publish","type":"post","link":"https:\/\/lykkans.se\/index.php\/2011\/08\/vaxtforteckning-villa-hjaru\/","title":{"rendered":"V\u00e4xtf\u00f6rteckning Villa Hj\u00e4rup"},"content":{"rendered":"<p><!--more--><\/p>\n<table border=\"1\" cellspacing=\"0\" cellpadding=\"0\">\n<tbody>\n<tr>\n<td valign=\"top\" width=\"42\">Nr<\/td>\n<td valign=\"top\" width=\"42\">Antal<\/td>\n<td valign=\"top\" width=\"42\">Namn<\/td>\n<\/tr>\n<tr>\n<td valign=\"top\" width=\"42\">1<\/td>\n<td valign=\"top\" width=\"42\">2<\/td>\n<td valign=\"top\" width=\"42\">Malus floribunda<\/td>\n<\/tr>\n<tr>\n<td valign=\"top\" width=\"42\">2<\/td>\n<td valign=\"top\" width=\"42\">1<\/td>\n<td valign=\"top\" width=\"42\">Prunus cerasifera \u2019Nigra\u2019<\/td>\n<\/tr>\n<tr>\n<td valign=\"top\" width=\"42\">3<\/td>\n<td valign=\"top\" width=\"42\">1<\/td>\n<td valign=\"top\" width=\"42\">Prunus subhirtella \u2019Automnalis\u2019 \u2019Plena Rosea\u2019<\/td>\n<\/tr>\n<tr>\n<td valign=\"top\" width=\"42\">4<\/td>\n<td valign=\"top\" width=\"42\">1<\/td>\n<td valign=\"top\" width=\"42\">Sorbus \u2019Dodong\u2019<\/td>\n<\/tr>\n<tr>\n<td valign=\"top\" width=\"42\">5<\/td>\n<td valign=\"top\" width=\"42\">1<\/td>\n<td valign=\"top\" width=\"42\">Prunus Persica \u2019Riga\u2019<\/td>\n<\/tr>\n<tr>\n<td valign=\"top\" width=\"42\">6<\/td>\n<td valign=\"top\" width=\"42\">1<\/td>\n<td valign=\"top\" width=\"42\">Prunus serrula<\/td>\n<\/tr>\n<tr>\n<td valign=\"top\" width=\"42\">7<\/td>\n<td valign=\"top\" width=\"42\">1<\/td>\n<td valign=\"top\" width=\"42\">Sorbus commixta \u2019Carmencita\u2019<\/td>\n<\/tr>\n<tr>\n<td valign=\"top\" width=\"42\">8<\/td>\n<td valign=\"top\" width=\"42\">1<\/td>\n<td valign=\"top\" width=\"42\">Prunus serrulata \u2019Amanogawa\u2019<\/td>\n<\/tr>\n<tr>\n<td valign=\"top\" width=\"42\"><\/td>\n<td valign=\"top\" width=\"42\"><\/td>\n<td valign=\"top\" width=\"42\"><\/td>\n<\/tr>\n<tr>\n<td valign=\"top\" width=\"42\">Buskar<\/td>\n<td valign=\"top\" width=\"42\"><\/td>\n<td valign=\"top\" width=\"42\"><\/td>\n<\/tr>\n<tr>\n<td valign=\"top\" width=\"42\">9<\/td>\n<td valign=\"top\" width=\"42\">3<\/td>\n<td valign=\"top\" width=\"42\">Amelanchier alnifolia fk Alvdal E<\/td>\n<\/tr>\n<tr>\n<td valign=\"top\" width=\"42\">10<\/td>\n<td valign=\"top\" width=\"42\">1<\/td>\n<td valign=\"top\" width=\"42\">Viburnum opulus \u2019Str\u00f6msund\u2019 E<\/td>\n<\/tr>\n<tr>\n<td valign=\"top\" width=\"42\">11<\/td>\n<td valign=\"top\" width=\"42\">1<\/td>\n<td valign=\"top\" width=\"42\">Viburnum farrerri kejsarolvon<\/td>\n<\/tr>\n<tr>\n<td valign=\"top\" width=\"42\">12<\/td>\n<td valign=\"top\" width=\"42\">1<\/td>\n<td valign=\"top\" width=\"42\">Cornus kousa \u2019China Girl\u2019<\/td>\n<\/tr>\n<tr>\n<td valign=\"top\" width=\"42\">13<\/td>\n<td valign=\"top\" width=\"42\">3<\/td>\n<td valign=\"top\" width=\"42\">Hydrangea serrata \u2019Bluebird\u2019<\/td>\n<\/tr>\n<tr>\n<td valign=\"top\" width=\"42\">14<\/td>\n<td valign=\"top\" width=\"42\">22<\/td>\n<td valign=\"top\" width=\"42\">Spiraea japonica \u2019Goldmound\u2019 gulbladig m\u00f6rkrosa<\/td>\n<\/tr>\n<tr>\n<td valign=\"top\" width=\"42\">15<\/td>\n<td valign=\"top\" width=\"42\">10<\/td>\n<td valign=\"top\" width=\"42\">Hedera Helix murgr\u00f6na<\/td>\n<\/tr>\n<tr>\n<td valign=\"top\" width=\"42\"><\/td>\n<td valign=\"top\" width=\"42\"><\/td>\n<td valign=\"top\" width=\"42\"><\/td>\n<\/tr>\n<tr>\n<td valign=\"top\" width=\"42\">Rosor<\/td>\n<td valign=\"top\" width=\"42\"><\/td>\n<td valign=\"top\" width=\"42\"><\/td>\n<\/tr>\n<tr>\n<td valign=\"top\" width=\"42\">16<\/td>\n<td valign=\"top\" width=\"42\">4<\/td>\n<td valign=\"top\" width=\"42\">Rosor p\u00e5 stam, se plantskolans rek<\/td>\n<\/tr>\n<tr>\n<td valign=\"top\" width=\"42\"><\/td>\n<td valign=\"top\" width=\"42\"><\/td>\n<td valign=\"top\" width=\"42\"><\/td>\n<\/tr>\n<tr>\n<td valign=\"top\" width=\"42\">17<\/td>\n<td valign=\"top\" width=\"42\">2-4<\/td>\n<td valign=\"top\" width=\"42\">Bonica\u00a0 v\u00e4lj efter \u00f6nskem\u00e5l<\/td>\n<\/tr>\n<tr>\n<td valign=\"top\" width=\"42\">18<\/td>\n<td valign=\"top\" width=\"42\">1<\/td>\n<td valign=\"top\" width=\"42\">Constance Spry kl\u00e4ngrosos Austin<\/td>\n<\/tr>\n<tr>\n<td valign=\"top\" width=\"42\">19<\/td>\n<td valign=\"top\" width=\"42\">1<\/td>\n<td valign=\"top\" width=\"42\">Golden Gate kl\u00e4tterros remont.<\/td>\n<\/tr>\n<tr>\n<td valign=\"top\" width=\"42\">20<\/td>\n<td valign=\"top\" width=\"42\">3<\/td>\n<td valign=\"top\" width=\"42\">Brother Cadfael rabattros rosa<\/td>\n<\/tr>\n<tr>\n<td valign=\"top\" width=\"42\"><\/td>\n<td valign=\"top\" width=\"42\"><\/td>\n<td valign=\"top\" width=\"42\"><\/td>\n<\/tr>\n<tr>\n<td valign=\"top\" width=\"42\">B\u00e4rbuskar<\/td>\n<td valign=\"top\" width=\"42\"><\/td>\n<td valign=\"top\" width=\"42\"><\/td>\n<\/tr>\n<tr>\n<td valign=\"top\" width=\"42\">21<\/td>\n<td valign=\"top\" width=\"42\">3<\/td>\n<td valign=\"top\" width=\"42\">Aronia melanocarpa var elata<\/td>\n<\/tr>\n<tr>\n<td valign=\"top\" width=\"42\">22<\/td>\n<td valign=\"top\" width=\"42\">2-4<\/td>\n<td valign=\"top\" width=\"42\">V\u00e4lj egna Favoriter p\u00e5 stam, det vinner lite yta i k\u00f6kstr\u00e4dg\u00e5rden<\/td>\n<\/tr>\n<tr>\n<td valign=\"top\" width=\"42\"><\/td>\n<td valign=\"top\" width=\"42\"><\/td>\n<td valign=\"top\" width=\"42\"><\/td>\n<\/tr>\n<tr>\n<td valign=\"top\" width=\"42\">H\u00e4ckv\u00e4xter<\/td>\n<td valign=\"top\" width=\"42\"><\/td>\n<td valign=\"top\" width=\"42\"><\/td>\n<\/tr>\n<tr>\n<td valign=\"top\" width=\"42\">23<\/td>\n<td valign=\"top\" width=\"42\">24<\/td>\n<td valign=\"top\" width=\"42\">Ligustrum vulgare \u2019Atrovirens\u2019<\/td>\n<\/tr>\n<tr>\n<td valign=\"top\" width=\"42\">24<\/td>\n<td valign=\"top\" width=\"42\">50<\/td>\n<td valign=\"top\" width=\"42\">Buxus sempervirens suffruticosa<\/td>\n<\/tr>\n<tr>\n<td valign=\"top\" width=\"42\">Antal plantor \u00e4r beroende p\u00e5 vilken storlek som v\u00e4ljs.<\/td>\n<td valign=\"top\" width=\"42\"><\/td>\n<td valign=\"top\" width=\"42\"><\/td>\n<\/tr>\n<tr>\n<td valign=\"top\" width=\"42\"><\/td>\n<td valign=\"top\" width=\"42\"><\/td>\n<td valign=\"top\" width=\"42\"><\/td>\n<\/tr>\n<tr>\n<td valign=\"top\" width=\"42\">Prydnadsgr\u00e4s och Bambu<\/td>\n<td valign=\"top\" width=\"42\"><\/td>\n<td valign=\"top\" width=\"42\"><\/td>\n<\/tr>\n<tr>\n<td valign=\"top\" width=\"42\">25<\/td>\n<td valign=\"top\" width=\"42\">2<\/td>\n<td valign=\"top\" width=\"42\">Miscanthus sinensis \u2019Maleparthus\u2019 180<\/td>\n<\/tr>\n<tr>\n<td valign=\"top\" width=\"42\">26<\/td>\n<td valign=\"top\" width=\"42\">2<\/td>\n<td valign=\"top\" width=\"42\">Miscanthus \u2019Giganteus\u2019 ca 250<\/td>\n<\/tr>\n<tr>\n<td valign=\"top\" width=\"42\">27<\/td>\n<td valign=\"top\" width=\"42\">2<\/td>\n<td valign=\"top\" width=\"42\">Miscanthus sinensis \u2019Purpurascens\u2019 130<\/td>\n<\/tr>\n<tr>\n<td valign=\"top\" width=\"42\">28<\/td>\n<td valign=\"top\" width=\"42\">2<\/td>\n<td valign=\"top\" width=\"42\">Fargesia murielae \u2019Simba\u2019<\/td>\n<\/tr>\n<tr>\n<td valign=\"top\" width=\"42\">29<\/td>\n<td valign=\"top\" width=\"42\">1<\/td>\n<td valign=\"top\" width=\"42\">Miscanthus sinensis \u2019Gracillimus\u2019 ca160<\/td>\n<\/tr>\n<tr>\n<td valign=\"top\" width=\"42\">30<\/td>\n<td valign=\"top\" width=\"42\">3<\/td>\n<td valign=\"top\" width=\"42\">Stipa capillata finbladigt fj\u00e4dergr\u00e4s<\/td>\n<\/tr>\n<tr>\n<td valign=\"top\" width=\"42\">31<\/td>\n<td valign=\"top\" width=\"42\">3<\/td>\n<td valign=\"top\" width=\"42\">Hakonechloa macra<\/td>\n<\/tr>\n<tr>\n<td valign=\"top\" width=\"42\"><\/td>\n<td valign=\"top\" width=\"42\"><\/td>\n<td valign=\"top\" width=\"42\"><\/td>\n<\/tr>\n<tr>\n<td valign=\"top\" width=\"42\">Perenner<\/td>\n<td valign=\"top\" width=\"42\"><\/td>\n<td valign=\"top\" width=\"42\"><\/td>\n<\/tr>\n<tr>\n<td valign=\"top\" width=\"42\">32<\/td>\n<td valign=\"top\" width=\"42\">12<\/td>\n<td valign=\"top\" width=\"42\">Lavendula angustifolia \u2019Hidcote Blue\u2019<\/td>\n<\/tr>\n<tr>\n<td valign=\"top\" width=\"42\">33<\/td>\n<td valign=\"top\" width=\"42\">15<\/td>\n<td valign=\"top\" width=\"42\">Salvia nemorosa \u2019Caradonna\u2019<\/td>\n<\/tr>\n<tr>\n<td valign=\"top\" width=\"42\">34<\/td>\n<td valign=\"top\" width=\"42\">3<\/td>\n<td valign=\"top\" width=\"42\">Alchemilla mollis<\/td>\n<\/tr>\n<tr>\n<td valign=\"top\" width=\"42\">35<\/td>\n<td valign=\"top\" width=\"42\">6<\/td>\n<td valign=\"top\" width=\"42\">Echinacea purpurea \u2019Magnus\u2019 r\u00f6dlila<\/td>\n<\/tr>\n<tr>\n<td valign=\"top\" width=\"42\">36<\/td>\n<td valign=\"top\" width=\"42\">12<\/td>\n<td valign=\"top\" width=\"42\">Echinacea purpurea \u2019Art\u00b4s Pride\u2019 orange<\/td>\n<\/tr>\n<tr>\n<td valign=\"top\" width=\"42\">37<\/td>\n<td valign=\"top\" width=\"42\">5<\/td>\n<td valign=\"top\" width=\"42\">Sedum \u2019Matrona\u2019<\/td>\n<\/tr>\n<tr>\n<td valign=\"top\" width=\"42\">38<\/td>\n<td valign=\"top\" width=\"42\">9<\/td>\n<td valign=\"top\" width=\"42\">Helenium automnale-gr. \u2019Sahin\u00b4s EarlyFlowerer<\/td>\n<\/tr>\n<tr>\n<td valign=\"top\" width=\"42\">39<\/td>\n<td valign=\"top\" width=\"42\">14<\/td>\n<td valign=\"top\" width=\"42\">Nepeta faassenii \u2019Walkers Low\u2019<\/td>\n<\/tr>\n<tr>\n<td valign=\"top\" width=\"42\">40<\/td>\n<td valign=\"top\" width=\"42\">5<\/td>\n<td valign=\"top\" width=\"42\">Veronicastrum virginicum \u2019Pink Glow\u2019<\/td>\n<\/tr>\n<tr>\n<td valign=\"top\" width=\"42\">41<\/td>\n<td valign=\"top\" width=\"42\">4<\/td>\n<td valign=\"top\" width=\"42\">Knautia macedonica \u2019 Mars Midget\u2019 m\u00f6rkr\u00f6d<\/td>\n<\/tr>\n<tr>\n<td valign=\"top\" width=\"42\">42<\/td>\n<td valign=\"top\" width=\"42\">21<\/td>\n<td valign=\"top\" width=\"42\">Actea racemosa<\/td>\n<\/tr>\n<tr>\n<td valign=\"top\" width=\"42\">43<\/td>\n<td valign=\"top\" width=\"42\">32<\/td>\n<td valign=\"top\" width=\"42\">Asarum europeaum hassel\u00f6rt<\/td>\n<\/tr>\n<tr>\n<td valign=\"top\" width=\"42\">44<\/td>\n<td valign=\"top\" width=\"42\">32<\/td>\n<td valign=\"top\" width=\"42\">Galium odoratum myskmadra<\/td>\n<\/tr>\n<tr>\n<td valign=\"top\" width=\"42\">45<\/td>\n<td valign=\"top\" width=\"42\">7<\/td>\n<td valign=\"top\" width=\"42\">Hosta \u2019Night before Christmas\u2019<\/td>\n<\/tr>\n<tr>\n<td valign=\"top\" width=\"42\">46<\/td>\n<td valign=\"top\" width=\"42\">7<\/td>\n<td valign=\"top\" width=\"42\">Hosta \u2019Halcyon\u2019<\/td>\n<\/tr>\n<tr>\n<td valign=\"top\" width=\"42\">47<\/td>\n<td valign=\"top\" width=\"42\">6<\/td>\n<td valign=\"top\" width=\"42\">Astilbe arendsii \u2019Cattleya\u2019 m\u00f6rkrosa<\/td>\n<\/tr>\n<tr>\n<td valign=\"top\" width=\"42\">48<\/td>\n<td valign=\"top\" width=\"42\">6<\/td>\n<td valign=\"top\" width=\"42\">Astilbe arendsii \u2019Erica\u2019 ljusrosa<\/td>\n<\/tr>\n<tr>\n<td valign=\"top\" width=\"42\">49<\/td>\n<td valign=\"top\" width=\"42\">6<\/td>\n<td valign=\"top\" width=\"42\">Anemone tomentosa \u2019Robustissima\u2019silv<\/td>\n<\/tr>\n<tr>\n<td valign=\"top\" width=\"42\">50<\/td>\n<td valign=\"top\" width=\"42\">110<\/td>\n<td valign=\"top\" width=\"42\">Geranium phaeum \u2019Album\u2019 brunn\u00e4va\/vit<\/td>\n<\/tr>\n<tr>\n<td valign=\"top\" width=\"42\">51<\/td>\n<td valign=\"top\" width=\"42\">100<\/td>\n<td valign=\"top\" width=\"42\">Geranium macrorrhizum \u2019Spessart\u2019flockn\u00e4va\/vit<\/td>\n<\/tr>\n<tr>\n<td valign=\"top\" width=\"42\">52<\/td>\n<td valign=\"top\" width=\"42\">64<\/td>\n<td valign=\"top\" width=\"42\">Geranium magnifikum kungsn\u00e4va\/lila<\/td>\n<\/tr>\n<tr>\n<td valign=\"top\" width=\"42\">53<\/td>\n<td valign=\"top\" width=\"42\">32<\/td>\n<td valign=\"top\" width=\"42\">Geranium endressii \u2019Rose Clair\u2019\/rosa<\/td>\n<\/tr>\n<tr>\n<td valign=\"top\" width=\"42\"><\/td>\n<td valign=\"top\" width=\"42\"><\/td>\n<td valign=\"top\" width=\"42\"><\/td>\n<\/tr>\n<tr>\n<td valign=\"top\" width=\"42\">Slingrande Klematis f\u00f6r v\u00e4xttorn<\/td>\n<td valign=\"top\" width=\"42\"><\/td>\n<td valign=\"top\" width=\"42\"><\/td>\n<\/tr>\n<tr>\n<td valign=\"top\" width=\"42\">54<\/td>\n<td valign=\"top\" width=\"42\">1<\/td>\n<td valign=\"top\" width=\"42\">Clematis \u2019Tage Lundell\u2019 E klockor m\u00f6rkt bl\u00e5violetta<\/td>\n<\/tr>\n<tr>\n<td valign=\"top\" width=\"42\">55<\/td>\n<td valign=\"top\" width=\"42\">1<\/td>\n<td valign=\"top\" width=\"42\">Clematis \u2019Royal Velour\u2019 vinr\u00f6d sammetslyster<\/td>\n<\/tr>\n<tr>\n<td valign=\"top\" width=\"42\">56<\/td>\n<td valign=\"top\" width=\"42\">1<\/td>\n<td valign=\"top\" width=\"42\">Clematis x fargesoides \u2019Summersnow. Vita sm\u00e5blommig<\/td>\n<\/tr>\n<tr>\n<td valign=\"top\" width=\"42\">57<\/td>\n<td valign=\"top\" width=\"42\">1<\/td>\n<td valign=\"top\" width=\"42\">Clematis sibirica \u2019Riga\u2019 vita klockor<\/td>\n<\/tr>\n<tr>\n<td valign=\"top\" width=\"42\"><\/td>\n<td valign=\"top\" width=\"42\"><\/td>\n<td valign=\"top\" width=\"42\"><\/td>\n<\/tr>\n<tr>\n<td valign=\"top\" width=\"42\">58<\/td>\n<td valign=\"top\" width=\"42\">30-50<\/td>\n<td valign=\"top\" width=\"42\">Leptinella squalida krypkutola<\/td>\n<\/tr>\n<tr>\n<td valign=\"top\" width=\"42\"><\/td>\n<td valign=\"top\" width=\"42\"><\/td>\n<td valign=\"top\" width=\"42\">antal beror p\u00e5 hur mycket man vill t\u00e4cka<\/td>\n<\/tr>\n<tr>\n<td valign=\"top\" width=\"42\"><\/td>\n<td valign=\"top\" width=\"42\"><\/td>\n<td valign=\"top\" width=\"42\"><\/td>\n<\/tr>\n<tr>\n<td valign=\"top\" width=\"42\">59<\/td>\n<td valign=\"top\" width=\"42\">12<\/td>\n<td valign=\"top\" width=\"42\">Helenium automnale-gr \u2019Sahin\u00b4s EarlyFlowerer\u2019 solbrud<\/td>\n<\/tr>\n<\/tbody>\n<\/table>\n","protected":false},"excerpt":{"rendered":"","protected":false},"author":2,"featured_media":0,"comment_status":"closed","ping_status":"closed","sticky":false,"template":"","format":"standard","meta":{"saved_in_kubio":false,"footnotes":""},"categories":[1,15],"tags":[6],"class_list":["post-417","post","type-post","status-publish","format-standard","hentry","category-referenser","category-vaxtforteckningar","tag-vaxtforteckning"],"yoast_head":"<!-- This site is optimized with the Yoast SEO plugin v22.1 - https:\/\/yoast.com\/wordpress\/plugins\/seo\/ -->\n<title>V\u00e4xtf\u00f6rteckning Villa Hj\u00e4rup - Lykkans Designtr\u00e4dg\u00e5rdar AB<\/title>\n<meta name=\"robots\" content=\"index, follow, max-snippet:-1, max-image-preview:large, max-video-preview:-1\" \/>\n<link rel=\"canonical\" href=\"https:\/\/lykkans.se\/index.php\/2011\/08\/vaxtforteckning-villa-hjaru\/\" \/>\n<meta property=\"og:locale\" content=\"en_US\" \/>\n<meta property=\"og:type\" content=\"article\" \/>\n<meta property=\"og:title\" content=\"V\u00e4xtf\u00f6rteckning Villa Hj\u00e4rup - Lykkans Designtr\u00e4dg\u00e5rdar AB\" \/>\n<meta property=\"og:url\" content=\"https:\/\/lykkans.se\/index.php\/2011\/08\/vaxtforteckning-villa-hjaru\/\" \/>\n<meta property=\"og:site_name\" content=\"Lykkans Designtr\u00e4dg\u00e5rdar AB\" \/>\n<meta property=\"article:publisher\" content=\"https:\/\/www.facebook.com\/Lykkans\" \/>\n<meta property=\"article:published_time\" content=\"2011-08-30T08:56:00+00:00\" \/>\n<meta property=\"article:modified_time\" content=\"2012-01-15T16:12:21+00:00\" \/>\n<meta name=\"author\" content=\"Anette\" \/>\n<meta name=\"twitter:card\" content=\"summary_large_image\" \/>\n<meta name=\"twitter:label1\" content=\"Written by\" \/>\n\t<meta name=\"twitter:data1\" content=\"Anette\" \/>\n\t<meta name=\"twitter:label2\" content=\"Est. reading time\" \/>\n\t<meta name=\"twitter:data2\" content=\"1 minute\" \/>\n<script type=\"application\/ld+json\" class=\"yoast-schema-graph\">{\"@context\":\"https:\/\/schema.org\",\"@graph\":[{\"@type\":\"Article\",\"@id\":\"https:\/\/lykkans.se\/index.php\/2011\/08\/vaxtforteckning-villa-hjaru\/#article\",\"isPartOf\":{\"@id\":\"https:\/\/lykkans.se\/index.php\/2011\/08\/vaxtforteckning-villa-hjaru\/\"},\"author\":{\"name\":\"Anette\",\"@id\":\"https:\/\/lykkans.se\/#\/schema\/person\/b4a6bafe7258e625683fb5620c135303\"},\"headline\":\"V\u00e4xtf\u00f6rteckning Villa Hj\u00e4rup\",\"datePublished\":\"2011-08-30T08:56:00+00:00\",\"dateModified\":\"2012-01-15T16:12:21+00:00\",\"mainEntityOfPage\":{\"@id\":\"https:\/\/lykkans.se\/index.php\/2011\/08\/vaxtforteckning-villa-hjaru\/\"},\"wordCount\":305,\"publisher\":{\"@id\":\"https:\/\/lykkans.se\/#organization\"},\"keywords\":[\"V\u00e4xtf\u00f6rteckning\"],\"articleSection\":[\"Referenser\",\"V\u00e4xtf\u00f6rteckningar\"],\"inLanguage\":\"en-US\"},{\"@type\":\"WebPage\",\"@id\":\"https:\/\/lykkans.se\/index.php\/2011\/08\/vaxtforteckning-villa-hjaru\/\",\"url\":\"https:\/\/lykkans.se\/index.php\/2011\/08\/vaxtforteckning-villa-hjaru\/\",\"name\":\"V\u00e4xtf\u00f6rteckning Villa Hj\u00e4rup - Lykkans Designtr\u00e4dg\u00e5rdar AB\",\"isPartOf\":{\"@id\":\"https:\/\/lykkans.se\/#website\"},\"datePublished\":\"2011-08-30T08:56:00+00:00\",\"dateModified\":\"2012-01-15T16:12:21+00:00\",\"breadcrumb\":{\"@id\":\"https:\/\/lykkans.se\/index.php\/2011\/08\/vaxtforteckning-villa-hjaru\/#breadcrumb\"},\"inLanguage\":\"en-US\",\"potentialAction\":[{\"@type\":\"ReadAction\",\"target\":[\"https:\/\/lykkans.se\/index.php\/2011\/08\/vaxtforteckning-villa-hjaru\/\"]}]},{\"@type\":\"BreadcrumbList\",\"@id\":\"https:\/\/lykkans.se\/index.php\/2011\/08\/vaxtforteckning-villa-hjaru\/#breadcrumb\",\"itemListElement\":[{\"@type\":\"ListItem\",\"position\":1,\"name\":\"Home\",\"item\":\"https:\/\/lykkans.se\/\"},{\"@type\":\"ListItem\",\"position\":2,\"name\":\"V\u00e4xtf\u00f6rteckning Villa Hj\u00e4rup\"}]},{\"@type\":\"WebSite\",\"@id\":\"https:\/\/lykkans.se\/#website\",\"url\":\"https:\/\/lykkans.se\/\",\"name\":\"Lykkans Designtr\u00e4dg\u00e5rdar AB\",\"description\":\"Tr\u00e4dg\u00e5rdsdesign med tr\u00e4dg\u00e5rdsarkitekt Anette G\u00e5rdhagen 070-888 1191\",\"publisher\":{\"@id\":\"https:\/\/lykkans.se\/#organization\"},\"potentialAction\":[{\"@type\":\"SearchAction\",\"target\":{\"@type\":\"EntryPoint\",\"urlTemplate\":\"https:\/\/lykkans.se\/?s={search_term_string}\"},\"query-input\":\"required name=search_term_string\"}],\"inLanguage\":\"en-US\"},{\"@type\":\"Organization\",\"@id\":\"https:\/\/lykkans.se\/#organization\",\"name\":\"Lykkans Designtr\u00e4dg\u00e5rdar AB\",\"url\":\"https:\/\/lykkans.se\/\",\"logo\":{\"@type\":\"ImageObject\",\"inLanguage\":\"en-US\",\"@id\":\"https:\/\/lykkans.se\/#\/schema\/logo\/image\/\",\"url\":\"https:\/\/lykkans.se\/wp-content\/uploads\/2021\/02\/cropped-0909-lykkans-designtradgardar-logo_m_outline_A4-3.pdf\",\"contentUrl\":\"https:\/\/lykkans.se\/wp-content\/uploads\/2021\/02\/cropped-0909-lykkans-designtradgardar-logo_m_outline_A4-3.pdf\",\"caption\":\"Lykkans Designtr\u00e4dg\u00e5rdar AB\"},\"image\":{\"@id\":\"https:\/\/lykkans.se\/#\/schema\/logo\/image\/\"},\"sameAs\":[\"https:\/\/www.facebook.com\/Lykkans\"]},{\"@type\":\"Person\",\"@id\":\"https:\/\/lykkans.se\/#\/schema\/person\/b4a6bafe7258e625683fb5620c135303\",\"name\":\"Anette\",\"image\":{\"@type\":\"ImageObject\",\"inLanguage\":\"en-US\",\"@id\":\"https:\/\/lykkans.se\/#\/schema\/person\/image\/\",\"url\":\"https:\/\/secure.gravatar.com\/avatar\/4b2b0b316cf99e2d2db42839cd347e8315d09ba8bf79316b39caa9209d237805?s=96&d=identicon&r=g\",\"contentUrl\":\"https:\/\/secure.gravatar.com\/avatar\/4b2b0b316cf99e2d2db42839cd347e8315d09ba8bf79316b39caa9209d237805?s=96&d=identicon&r=g\",\"caption\":\"Anette\"},\"sameAs\":[\"http:\/\/lykkans.se\"],\"url\":\"https:\/\/lykkans.se\/index.php\/author\/anette\/\"}]}<\/script>\n<!-- \/ Yoast SEO plugin. -->","yoast_head_json":{"title":"V\u00e4xtf\u00f6rteckning Villa Hj\u00e4rup - Lykkans Designtr\u00e4dg\u00e5rdar AB","robots":{"index":"index","follow":"follow","max-snippet":"max-snippet:-1","max-image-preview":"max-image-preview:large","max-video-preview":"max-video-preview:-1"},"canonical":"https:\/\/lykkans.se\/index.php\/2011\/08\/vaxtforteckning-villa-hjaru\/","og_locale":"en_US","og_type":"article","og_title":"V\u00e4xtf\u00f6rteckning Villa Hj\u00e4rup - Lykkans Designtr\u00e4dg\u00e5rdar AB","og_url":"https:\/\/lykkans.se\/index.php\/2011\/08\/vaxtforteckning-villa-hjaru\/","og_site_name":"Lykkans Designtr\u00e4dg\u00e5rdar AB","article_publisher":"https:\/\/www.facebook.com\/Lykkans","article_published_time":"2011-08-30T08:56:00+00:00","article_modified_time":"2012-01-15T16:12:21+00:00","author":"Anette","twitter_card":"summary_large_image","twitter_misc":{"Written by":"Anette","Est. reading time":"1 minute"},"schema":{"@context":"https:\/\/schema.org","@graph":[{"@type":"Article","@id":"https:\/\/lykkans.se\/index.php\/2011\/08\/vaxtforteckning-villa-hjaru\/#article","isPartOf":{"@id":"https:\/\/lykkans.se\/index.php\/2011\/08\/vaxtforteckning-villa-hjaru\/"},"author":{"name":"Anette","@id":"https:\/\/lykkans.se\/#\/schema\/person\/b4a6bafe7258e625683fb5620c135303"},"headline":"V\u00e4xtf\u00f6rteckning Villa Hj\u00e4rup","datePublished":"2011-08-30T08:56:00+00:00","dateModified":"2012-01-15T16:12:21+00:00","mainEntityOfPage":{"@id":"https:\/\/lykkans.se\/index.php\/2011\/08\/vaxtforteckning-villa-hjaru\/"},"wordCount":305,"publisher":{"@id":"https:\/\/lykkans.se\/#organization"},"keywords":["V\u00e4xtf\u00f6rteckning"],"articleSection":["Referenser","V\u00e4xtf\u00f6rteckningar"],"inLanguage":"en-US"},{"@type":"WebPage","@id":"https:\/\/lykkans.se\/index.php\/2011\/08\/vaxtforteckning-villa-hjaru\/","url":"https:\/\/lykkans.se\/index.php\/2011\/08\/vaxtforteckning-villa-hjaru\/","name":"V\u00e4xtf\u00f6rteckning Villa Hj\u00e4rup - Lykkans Designtr\u00e4dg\u00e5rdar AB","isPartOf":{"@id":"https:\/\/lykkans.se\/#website"},"datePublished":"2011-08-30T08:56:00+00:00","dateModified":"2012-01-15T16:12:21+00:00","breadcrumb":{"@id":"https:\/\/lykkans.se\/index.php\/2011\/08\/vaxtforteckning-villa-hjaru\/#breadcrumb"},"inLanguage":"en-US","potentialAction":[{"@type":"ReadAction","target":["https:\/\/lykkans.se\/index.php\/2011\/08\/vaxtforteckning-villa-hjaru\/"]}]},{"@type":"BreadcrumbList","@id":"https:\/\/lykkans.se\/index.php\/2011\/08\/vaxtforteckning-villa-hjaru\/#breadcrumb","itemListElement":[{"@type":"ListItem","position":1,"name":"Home","item":"https:\/\/lykkans.se\/"},{"@type":"ListItem","position":2,"name":"V\u00e4xtf\u00f6rteckning Villa Hj\u00e4rup"}]},{"@type":"WebSite","@id":"https:\/\/lykkans.se\/#website","url":"https:\/\/lykkans.se\/","name":"Lykkans Designtr\u00e4dg\u00e5rdar AB","description":"Tr\u00e4dg\u00e5rdsdesign med tr\u00e4dg\u00e5rdsarkitekt Anette G\u00e5rdhagen 070-888 1191","publisher":{"@id":"https:\/\/lykkans.se\/#organization"},"potentialAction":[{"@type":"SearchAction","target":{"@type":"EntryPoint","urlTemplate":"https:\/\/lykkans.se\/?s={search_term_string}"},"query-input":"required name=search_term_string"}],"inLanguage":"en-US"},{"@type":"Organization","@id":"https:\/\/lykkans.se\/#organization","name":"Lykkans Designtr\u00e4dg\u00e5rdar AB","url":"https:\/\/lykkans.se\/","logo":{"@type":"ImageObject","inLanguage":"en-US","@id":"https:\/\/lykkans.se\/#\/schema\/logo\/image\/","url":"https:\/\/lykkans.se\/wp-content\/uploads\/2021\/02\/cropped-0909-lykkans-designtradgardar-logo_m_outline_A4-3.pdf","contentUrl":"https:\/\/lykkans.se\/wp-content\/uploads\/2021\/02\/cropped-0909-lykkans-designtradgardar-logo_m_outline_A4-3.pdf","caption":"Lykkans Designtr\u00e4dg\u00e5rdar AB"},"image":{"@id":"https:\/\/lykkans.se\/#\/schema\/logo\/image\/"},"sameAs":["https:\/\/www.facebook.com\/Lykkans"]},{"@type":"Person","@id":"https:\/\/lykkans.se\/#\/schema\/person\/b4a6bafe7258e625683fb5620c135303","name":"Anette","image":{"@type":"ImageObject","inLanguage":"en-US","@id":"https:\/\/lykkans.se\/#\/schema\/person\/image\/","url":"https:\/\/secure.gravatar.com\/avatar\/4b2b0b316cf99e2d2db42839cd347e8315d09ba8bf79316b39caa9209d237805?s=96&d=identicon&r=g","contentUrl":"https:\/\/secure.gravatar.com\/avatar\/4b2b0b316cf99e2d2db42839cd347e8315d09ba8bf79316b39caa9209d237805?s=96&d=identicon&r=g","caption":"Anette"},"sameAs":["http:\/\/lykkans.se"],"url":"https:\/\/lykkans.se\/index.php\/author\/anette\/"}]}},"_links":{"self":[{"href":"https:\/\/lykkans.se\/index.php\/wp-json\/wp\/v2\/posts\/417","targetHints":{"allow":["GET"]}}],"collection":[{"href":"https:\/\/lykkans.se\/index.php\/wp-json\/wp\/v2\/posts"}],"about":[{"href":"https:\/\/lykkans.se\/index.php\/wp-json\/wp\/v2\/types\/post"}],"author":[{"embeddable":true,"href":"https:\/\/lykkans.se\/index.php\/wp-json\/wp\/v2\/users\/2"}],"replies":[{"embeddable":true,"href":"https:\/\/lykkans.se\/index.php\/wp-json\/wp\/v2\/comments?post=417"}],"version-history":[{"count":6,"href":"https:\/\/lykkans.se\/index.php\/wp-json\/wp\/v2\/posts\/417\/revisions"}],"predecessor-version":[{"id":543,"href":"https:\/\/lykkans.se\/index.php\/wp-json\/wp\/v2\/posts\/417\/revisions\/543"}],"wp:attachment":[{"href":"https:\/\/lykkans.se\/index.php\/wp-json\/wp\/v2\/media?parent=417"}],"wp:term":[{"taxonomy":"category","embeddable":true,"href":"https:\/\/lykkans.se\/index.php\/wp-json\/wp\/v2\/categories?post=417"},{"taxonomy":"post_tag","embeddable":true,"href":"https:\/\/lykkans.se\/index.php\/wp-json\/wp\/v2\/tags?post=417"}],"curies":[{"name":"wp","href":"https:\/\/api.w.org\/{rel}","templated":true}]}}