{"id":596,"date":"2012-05-24T22:41:27","date_gmt":"2012-05-24T21:41:27","guid":{"rendered":"http:\/\/lykkans.se\/?p=596"},"modified":"2013-04-07T21:48:53","modified_gmt":"2013-04-07T19:48:53","slug":"plantering-av-entrerabatt-och-fargsprakande-perennrabatt","status":"publish","type":"post","link":"https:\/\/lykkans.se\/index.php\/2012\/05\/plantering-av-entrerabatt-och-fargsprakande-perennrabatt\/","title":{"rendered":"Plantering av entr\u00e9rabatt och f\u00e4rgsprakande perennrabatt!"},"content":{"rendered":"<p>Villa Cecilia!<\/p>\n<p><a href=\"http:\/\/lykkans.se\/wp-content\/uploads\/2012\/05\/Entrerabatt-Villa-Cecilia.jpg\"><img loading=\"lazy\" decoding=\"async\" class=\"alignnone size-full wp-image-597\" title=\"Entrerabatt-Villa-Cecilia\" alt=\"\" src=\"http:\/\/lykkans.se\/wp-content\/uploads\/2012\/05\/Entrerabatt-Villa-Cecilia.jpg\" width=\"624\" height=\"438\" srcset=\"https:\/\/lykkans.se\/wp-content\/uploads\/2012\/05\/Entrerabatt-Villa-Cecilia.jpg 624w, https:\/\/lykkans.se\/wp-content\/uploads\/2012\/05\/Entrerabatt-Villa-Cecilia-300x210.jpg 300w\" sizes=\"(max-width: 624px) 100vw, 624px\" \/><\/a><!--more-->Nu \u00e4r det dags att plantera!<\/p>\n<p>En v\u00e4lkomnande entr\u00e9rabatt d\u00e4r Rosa Winchester Cathedral spelar huvudrollen. Taxus baccata &#8216;Fastigiata&#8217;,\u00a0 st\u00e5tliga trygga v\u00e4ktare som vakar p\u00e5 varsin sida \u00f6ver entr\u00e9n. Som inramning till rosorna en h\u00e4ck av Taxus cuspidata &#8216;Nana&#8217;, de h\u00e5ller rosorna varma om &#8220;f\u00f6tterna&#8221;. Rosornas statister dansar upp och blommar l\u00e5ngt in p\u00e5 h\u00f6sten. Anemone x hybrida &#8216;Honorine Joubert&#8217;, dansar med Cimicifuga racemosa, och Astrantia major &#8216;Alba&#8217;. Runt h\u00f6rnet anar man den f\u00e4rgsprakande perennrabatten i h\u00e4rligt s\u00f6derl\u00e4ge. Men f\u00f6rst passerar man Lykkefund och n\u00e4stan svimmar av doften.<\/p>\n<p>Planteringsplan till entr\u00e9rabatt Villa Cecilia, f\u00f6r den som \u00e4r intresserad kommer inom kort en v\u00e4xtf\u00f6rteckning.<\/p>\n<p><a href=\"http:\/\/lykkans.se\/wp-content\/uploads\/2012\/05\/Entrrabatt-Villa-Cecilia-pl.jpg\"><img loading=\"lazy\" decoding=\"async\" class=\"alignnone size-full wp-image-599\" title=\"Entrrabatt-Villa-Cecilia-pl\" alt=\"\" src=\"http:\/\/lykkans.se\/wp-content\/uploads\/2012\/05\/Entrrabatt-Villa-Cecilia-pl.jpg\" width=\"635\" height=\"449\" srcset=\"https:\/\/lykkans.se\/wp-content\/uploads\/2012\/05\/Entrrabatt-Villa-Cecilia-pl.jpg 635w, https:\/\/lykkans.se\/wp-content\/uploads\/2012\/05\/Entrrabatt-Villa-Cecilia-pl-300x212.jpg 300w\" sizes=\"(max-width: 635px) 100vw, 635px\" \/><\/a><\/p>\n<p>En f\u00e4rgsprakande h\u00e4rlig engelsk-inspirerad perennrabatt, d\u00e4r Austin rosor kommer att spela huvudrollen. Rosa &#8216;Mortimer Sackler&#8217; och Constance Spry, samplanteras med Veronicastrum virginicum, Salvia nemorosa &#8216;Caradonna&#8217; Solbrudar, Agastache &#8216;Black Adder&#8217;, kantnepeta, daggk\u00e5por och h\u00e4rliga solhattar, en riktig glad rabatt! I den n\u00e5got skuggiga delen mot \u00f6ster samsas hortensia, hostor och anemoner, och brunn\u00e4van med de vackra bladen. Lykkefund vaktar i h\u00f6rnet. Calamagrostis x acutiflora &#8216;Karl Foerster&#8217; st\u00e5r stramt och bildar en stomme med rytm.<\/p>\n<p><a href=\"http:\/\/lykkans.se\/wp-content\/uploads\/2012\/05\/Perennrabatt-Villa-Cecilia.jpg\"><img loading=\"lazy\" decoding=\"async\" class=\"alignnone size-full wp-image-601\" title=\"Perennrabatt-Villa-Cecilia\" alt=\"\" src=\"http:\/\/lykkans.se\/wp-content\/uploads\/2012\/05\/Perennrabatt-Villa-Cecilia.jpg\" width=\"635\" height=\"442\" srcset=\"https:\/\/lykkans.se\/wp-content\/uploads\/2012\/05\/Perennrabatt-Villa-Cecilia.jpg 635w, https:\/\/lykkans.se\/wp-content\/uploads\/2012\/05\/Perennrabatt-Villa-Cecilia-300x208.jpg 300w\" sizes=\"(max-width: 635px) 100vw, 635px\" \/><\/a><\/p>\n<p>Planteringsplan f\u00f6r perennrabatt Villa Cecilia. En v\u00e4xtf\u00f6rteckning kommer inom kort.<\/p>\n<p><a href=\"http:\/\/lykkans.se\/wp-content\/uploads\/2012\/05\/Perennrabatt-VillaCecilia-p.jpg\"><img loading=\"lazy\" decoding=\"async\" class=\"alignnone size-full wp-image-603\" title=\"Perennrabatt-VillaCecilia-p\" alt=\"\" src=\"http:\/\/lykkans.se\/wp-content\/uploads\/2012\/05\/Perennrabatt-VillaCecilia-p.jpg\" width=\"635\" height=\"449\" srcset=\"https:\/\/lykkans.se\/wp-content\/uploads\/2012\/05\/Perennrabatt-VillaCecilia-p.jpg 635w, https:\/\/lykkans.se\/wp-content\/uploads\/2012\/05\/Perennrabatt-VillaCecilia-p-300x212.jpg 300w\" sizes=\"(max-width: 635px) 100vw, 635px\" \/><\/a><\/p>\n<p>Bilder kommer s\u00e5 fort jag hinner!<\/p>\n<p>&nbsp;<\/p>\n","protected":false},"excerpt":{"rendered":"<p>Villa Cecilia!<\/p>\n","protected":false},"author":2,"featured_media":0,"comment_status":"closed","ping_status":"closed","sticky":false,"template":"","format":"standard","meta":{"saved_in_kubio":false,"footnotes":""},"categories":[1,14],"tags":[17],"class_list":["post-596","post","type-post","status-publish","format-standard","hentry","category-referenser","category-skisserritningar","tag-villa-cecilia"],"yoast_head":"<!-- This site is optimized with the Yoast SEO plugin v22.1 - https:\/\/yoast.com\/wordpress\/plugins\/seo\/ -->\n<title>Plantering av entr\u00e9rabatt och f\u00e4rgsprakande perennrabatt! - Lykkans Designtr\u00e4dg\u00e5rdar AB<\/title>\n<meta name=\"robots\" content=\"index, follow, max-snippet:-1, max-image-preview:large, max-video-preview:-1\" \/>\n<link rel=\"canonical\" href=\"https:\/\/lykkans.se\/index.php\/2012\/05\/plantering-av-entrerabatt-och-fargsprakande-perennrabatt\/\" \/>\n<meta property=\"og:locale\" content=\"en_US\" \/>\n<meta property=\"og:type\" content=\"article\" \/>\n<meta property=\"og:title\" content=\"Plantering av entr\u00e9rabatt och f\u00e4rgsprakande perennrabatt! - Lykkans Designtr\u00e4dg\u00e5rdar AB\" \/>\n<meta property=\"og:description\" content=\"Villa Cecilia!\" \/>\n<meta property=\"og:url\" content=\"https:\/\/lykkans.se\/index.php\/2012\/05\/plantering-av-entrerabatt-och-fargsprakande-perennrabatt\/\" \/>\n<meta property=\"og:site_name\" content=\"Lykkans Designtr\u00e4dg\u00e5rdar AB\" \/>\n<meta property=\"article:publisher\" content=\"https:\/\/www.facebook.com\/Lykkans\" \/>\n<meta property=\"article:published_time\" content=\"2012-05-24T21:41:27+00:00\" \/>\n<meta property=\"article:modified_time\" content=\"2013-04-07T19:48:53+00:00\" \/>\n<meta property=\"og:image\" content=\"http:\/\/lykkans.se\/wp-content\/uploads\/2012\/05\/Entrerabatt-Villa-Cecilia.jpg\" \/>\n<meta name=\"author\" content=\"Anette\" \/>\n<meta name=\"twitter:card\" content=\"summary_large_image\" \/>\n<meta name=\"twitter:label1\" content=\"Written by\" \/>\n\t<meta name=\"twitter:data1\" content=\"Anette\" \/>\n\t<meta name=\"twitter:label2\" content=\"Est. reading time\" \/>\n\t<meta name=\"twitter:data2\" content=\"1 minute\" \/>\n<script type=\"application\/ld+json\" class=\"yoast-schema-graph\">{\"@context\":\"https:\/\/schema.org\",\"@graph\":[{\"@type\":\"Article\",\"@id\":\"https:\/\/lykkans.se\/index.php\/2012\/05\/plantering-av-entrerabatt-och-fargsprakande-perennrabatt\/#article\",\"isPartOf\":{\"@id\":\"https:\/\/lykkans.se\/index.php\/2012\/05\/plantering-av-entrerabatt-och-fargsprakande-perennrabatt\/\"},\"author\":{\"name\":\"Anette\",\"@id\":\"https:\/\/lykkans.se\/#\/schema\/person\/b4a6bafe7258e625683fb5620c135303\"},\"headline\":\"Plantering av entr\u00e9rabatt och f\u00e4rgsprakande perennrabatt!\",\"datePublished\":\"2012-05-24T21:41:27+00:00\",\"dateModified\":\"2013-04-07T19:48:53+00:00\",\"mainEntityOfPage\":{\"@id\":\"https:\/\/lykkans.se\/index.php\/2012\/05\/plantering-av-entrerabatt-och-fargsprakande-perennrabatt\/\"},\"wordCount\":236,\"publisher\":{\"@id\":\"https:\/\/lykkans.se\/#organization\"},\"keywords\":[\"Villa Cecilia\"],\"articleSection\":[\"Referenser\",\"Skisser\/ritningar\"],\"inLanguage\":\"en-US\"},{\"@type\":\"WebPage\",\"@id\":\"https:\/\/lykkans.se\/index.php\/2012\/05\/plantering-av-entrerabatt-och-fargsprakande-perennrabatt\/\",\"url\":\"https:\/\/lykkans.se\/index.php\/2012\/05\/plantering-av-entrerabatt-och-fargsprakande-perennrabatt\/\",\"name\":\"Plantering av entr\u00e9rabatt och f\u00e4rgsprakande perennrabatt! - Lykkans Designtr\u00e4dg\u00e5rdar AB\",\"isPartOf\":{\"@id\":\"https:\/\/lykkans.se\/#website\"},\"datePublished\":\"2012-05-24T21:41:27+00:00\",\"dateModified\":\"2013-04-07T19:48:53+00:00\",\"breadcrumb\":{\"@id\":\"https:\/\/lykkans.se\/index.php\/2012\/05\/plantering-av-entrerabatt-och-fargsprakande-perennrabatt\/#breadcrumb\"},\"inLanguage\":\"en-US\",\"potentialAction\":[{\"@type\":\"ReadAction\",\"target\":[\"https:\/\/lykkans.se\/index.php\/2012\/05\/plantering-av-entrerabatt-och-fargsprakande-perennrabatt\/\"]}]},{\"@type\":\"BreadcrumbList\",\"@id\":\"https:\/\/lykkans.se\/index.php\/2012\/05\/plantering-av-entrerabatt-och-fargsprakande-perennrabatt\/#breadcrumb\",\"itemListElement\":[{\"@type\":\"ListItem\",\"position\":1,\"name\":\"Home\",\"item\":\"https:\/\/lykkans.se\/\"},{\"@type\":\"ListItem\",\"position\":2,\"name\":\"Plantering av entr\u00e9rabatt och f\u00e4rgsprakande perennrabatt!\"}]},{\"@type\":\"WebSite\",\"@id\":\"https:\/\/lykkans.se\/#website\",\"url\":\"https:\/\/lykkans.se\/\",\"name\":\"Lykkans Designtr\u00e4dg\u00e5rdar AB\",\"description\":\"Tr\u00e4dg\u00e5rdsdesign med tr\u00e4dg\u00e5rdsarkitekt Anette G\u00e5rdhagen 070-888 1191\",\"publisher\":{\"@id\":\"https:\/\/lykkans.se\/#organization\"},\"potentialAction\":[{\"@type\":\"SearchAction\",\"target\":{\"@type\":\"EntryPoint\",\"urlTemplate\":\"https:\/\/lykkans.se\/?s={search_term_string}\"},\"query-input\":\"required name=search_term_string\"}],\"inLanguage\":\"en-US\"},{\"@type\":\"Organization\",\"@id\":\"https:\/\/lykkans.se\/#organization\",\"name\":\"Lykkans Designtr\u00e4dg\u00e5rdar AB\",\"url\":\"https:\/\/lykkans.se\/\",\"logo\":{\"@type\":\"ImageObject\",\"inLanguage\":\"en-US\",\"@id\":\"https:\/\/lykkans.se\/#\/schema\/logo\/image\/\",\"url\":\"https:\/\/lykkans.se\/wp-content\/uploads\/2021\/02\/cropped-0909-lykkans-designtradgardar-logo_m_outline_A4-3.pdf\",\"contentUrl\":\"https:\/\/lykkans.se\/wp-content\/uploads\/2021\/02\/cropped-0909-lykkans-designtradgardar-logo_m_outline_A4-3.pdf\",\"caption\":\"Lykkans Designtr\u00e4dg\u00e5rdar AB\"},\"image\":{\"@id\":\"https:\/\/lykkans.se\/#\/schema\/logo\/image\/\"},\"sameAs\":[\"https:\/\/www.facebook.com\/Lykkans\"]},{\"@type\":\"Person\",\"@id\":\"https:\/\/lykkans.se\/#\/schema\/person\/b4a6bafe7258e625683fb5620c135303\",\"name\":\"Anette\",\"image\":{\"@type\":\"ImageObject\",\"inLanguage\":\"en-US\",\"@id\":\"https:\/\/lykkans.se\/#\/schema\/person\/image\/\",\"url\":\"https:\/\/secure.gravatar.com\/avatar\/4b2b0b316cf99e2d2db42839cd347e8315d09ba8bf79316b39caa9209d237805?s=96&d=identicon&r=g\",\"contentUrl\":\"https:\/\/secure.gravatar.com\/avatar\/4b2b0b316cf99e2d2db42839cd347e8315d09ba8bf79316b39caa9209d237805?s=96&d=identicon&r=g\",\"caption\":\"Anette\"},\"sameAs\":[\"http:\/\/lykkans.se\"],\"url\":\"https:\/\/lykkans.se\/index.php\/author\/anette\/\"}]}<\/script>\n<!-- \/ Yoast SEO plugin. -->","yoast_head_json":{"title":"Plantering av entr\u00e9rabatt och f\u00e4rgsprakande perennrabatt! - Lykkans Designtr\u00e4dg\u00e5rdar AB","robots":{"index":"index","follow":"follow","max-snippet":"max-snippet:-1","max-image-preview":"max-image-preview:large","max-video-preview":"max-video-preview:-1"},"canonical":"https:\/\/lykkans.se\/index.php\/2012\/05\/plantering-av-entrerabatt-och-fargsprakande-perennrabatt\/","og_locale":"en_US","og_type":"article","og_title":"Plantering av entr\u00e9rabatt och f\u00e4rgsprakande perennrabatt! - Lykkans Designtr\u00e4dg\u00e5rdar AB","og_description":"Villa Cecilia!","og_url":"https:\/\/lykkans.se\/index.php\/2012\/05\/plantering-av-entrerabatt-och-fargsprakande-perennrabatt\/","og_site_name":"Lykkans Designtr\u00e4dg\u00e5rdar AB","article_publisher":"https:\/\/www.facebook.com\/Lykkans","article_published_time":"2012-05-24T21:41:27+00:00","article_modified_time":"2013-04-07T19:48:53+00:00","og_image":[{"url":"http:\/\/lykkans.se\/wp-content\/uploads\/2012\/05\/Entrerabatt-Villa-Cecilia.jpg"}],"author":"Anette","twitter_card":"summary_large_image","twitter_misc":{"Written by":"Anette","Est. reading time":"1 minute"},"schema":{"@context":"https:\/\/schema.org","@graph":[{"@type":"Article","@id":"https:\/\/lykkans.se\/index.php\/2012\/05\/plantering-av-entrerabatt-och-fargsprakande-perennrabatt\/#article","isPartOf":{"@id":"https:\/\/lykkans.se\/index.php\/2012\/05\/plantering-av-entrerabatt-och-fargsprakande-perennrabatt\/"},"author":{"name":"Anette","@id":"https:\/\/lykkans.se\/#\/schema\/person\/b4a6bafe7258e625683fb5620c135303"},"headline":"Plantering av entr\u00e9rabatt och f\u00e4rgsprakande perennrabatt!","datePublished":"2012-05-24T21:41:27+00:00","dateModified":"2013-04-07T19:48:53+00:00","mainEntityOfPage":{"@id":"https:\/\/lykkans.se\/index.php\/2012\/05\/plantering-av-entrerabatt-och-fargsprakande-perennrabatt\/"},"wordCount":236,"publisher":{"@id":"https:\/\/lykkans.se\/#organization"},"keywords":["Villa Cecilia"],"articleSection":["Referenser","Skisser\/ritningar"],"inLanguage":"en-US"},{"@type":"WebPage","@id":"https:\/\/lykkans.se\/index.php\/2012\/05\/plantering-av-entrerabatt-och-fargsprakande-perennrabatt\/","url":"https:\/\/lykkans.se\/index.php\/2012\/05\/plantering-av-entrerabatt-och-fargsprakande-perennrabatt\/","name":"Plantering av entr\u00e9rabatt och f\u00e4rgsprakande perennrabatt! - Lykkans Designtr\u00e4dg\u00e5rdar AB","isPartOf":{"@id":"https:\/\/lykkans.se\/#website"},"datePublished":"2012-05-24T21:41:27+00:00","dateModified":"2013-04-07T19:48:53+00:00","breadcrumb":{"@id":"https:\/\/lykkans.se\/index.php\/2012\/05\/plantering-av-entrerabatt-och-fargsprakande-perennrabatt\/#breadcrumb"},"inLanguage":"en-US","potentialAction":[{"@type":"ReadAction","target":["https:\/\/lykkans.se\/index.php\/2012\/05\/plantering-av-entrerabatt-och-fargsprakande-perennrabatt\/"]}]},{"@type":"BreadcrumbList","@id":"https:\/\/lykkans.se\/index.php\/2012\/05\/plantering-av-entrerabatt-och-fargsprakande-perennrabatt\/#breadcrumb","itemListElement":[{"@type":"ListItem","position":1,"name":"Home","item":"https:\/\/lykkans.se\/"},{"@type":"ListItem","position":2,"name":"Plantering av entr\u00e9rabatt och f\u00e4rgsprakande perennrabatt!"}]},{"@type":"WebSite","@id":"https:\/\/lykkans.se\/#website","url":"https:\/\/lykkans.se\/","name":"Lykkans Designtr\u00e4dg\u00e5rdar AB","description":"Tr\u00e4dg\u00e5rdsdesign med tr\u00e4dg\u00e5rdsarkitekt Anette G\u00e5rdhagen 070-888 1191","publisher":{"@id":"https:\/\/lykkans.se\/#organization"},"potentialAction":[{"@type":"SearchAction","target":{"@type":"EntryPoint","urlTemplate":"https:\/\/lykkans.se\/?s={search_term_string}"},"query-input":"required name=search_term_string"}],"inLanguage":"en-US"},{"@type":"Organization","@id":"https:\/\/lykkans.se\/#organization","name":"Lykkans Designtr\u00e4dg\u00e5rdar AB","url":"https:\/\/lykkans.se\/","logo":{"@type":"ImageObject","inLanguage":"en-US","@id":"https:\/\/lykkans.se\/#\/schema\/logo\/image\/","url":"https:\/\/lykkans.se\/wp-content\/uploads\/2021\/02\/cropped-0909-lykkans-designtradgardar-logo_m_outline_A4-3.pdf","contentUrl":"https:\/\/lykkans.se\/wp-content\/uploads\/2021\/02\/cropped-0909-lykkans-designtradgardar-logo_m_outline_A4-3.pdf","caption":"Lykkans Designtr\u00e4dg\u00e5rdar AB"},"image":{"@id":"https:\/\/lykkans.se\/#\/schema\/logo\/image\/"},"sameAs":["https:\/\/www.facebook.com\/Lykkans"]},{"@type":"Person","@id":"https:\/\/lykkans.se\/#\/schema\/person\/b4a6bafe7258e625683fb5620c135303","name":"Anette","image":{"@type":"ImageObject","inLanguage":"en-US","@id":"https:\/\/lykkans.se\/#\/schema\/person\/image\/","url":"https:\/\/secure.gravatar.com\/avatar\/4b2b0b316cf99e2d2db42839cd347e8315d09ba8bf79316b39caa9209d237805?s=96&d=identicon&r=g","contentUrl":"https:\/\/secure.gravatar.com\/avatar\/4b2b0b316cf99e2d2db42839cd347e8315d09ba8bf79316b39caa9209d237805?s=96&d=identicon&r=g","caption":"Anette"},"sameAs":["http:\/\/lykkans.se"],"url":"https:\/\/lykkans.se\/index.php\/author\/anette\/"}]}},"_links":{"self":[{"href":"https:\/\/lykkans.se\/index.php\/wp-json\/wp\/v2\/posts\/596","targetHints":{"allow":["GET"]}}],"collection":[{"href":"https:\/\/lykkans.se\/index.php\/wp-json\/wp\/v2\/posts"}],"about":[{"href":"https:\/\/lykkans.se\/index.php\/wp-json\/wp\/v2\/types\/post"}],"author":[{"embeddable":true,"href":"https:\/\/lykkans.se\/index.php\/wp-json\/wp\/v2\/users\/2"}],"replies":[{"embeddable":true,"href":"https:\/\/lykkans.se\/index.php\/wp-json\/wp\/v2\/comments?post=596"}],"version-history":[{"count":10,"href":"https:\/\/lykkans.se\/index.php\/wp-json\/wp\/v2\/posts\/596\/revisions"}],"predecessor-version":[{"id":1342,"href":"https:\/\/lykkans.se\/index.php\/wp-json\/wp\/v2\/posts\/596\/revisions\/1342"}],"wp:attachment":[{"href":"https:\/\/lykkans.se\/index.php\/wp-json\/wp\/v2\/media?parent=596"}],"wp:term":[{"taxonomy":"category","embeddable":true,"href":"https:\/\/lykkans.se\/index.php\/wp-json\/wp\/v2\/categories?post=596"},{"taxonomy":"post_tag","embeddable":true,"href":"https:\/\/lykkans.se\/index.php\/wp-json\/wp\/v2\/tags?post=596"}],"curies":[{"name":"wp","href":"https:\/\/api.w.org\/{rel}","templated":true}]}}