{"id":647,"date":"2012-05-31T15:17:18","date_gmt":"2012-05-31T14:17:18","guid":{"rendered":"http:\/\/lykkans.se\/?p=647"},"modified":"2012-08-28T20:40:35","modified_gmt":"2012-08-28T19:40:35","slug":"anlaggning-av-villa-nilla-i-frosakull","status":"publish","type":"post","link":"https:\/\/lykkans.se\/index.php\/2012\/05\/anlaggning-av-villa-nilla-i-frosakull\/","title":{"rendered":"Anl\u00e4ggning av Villa Nilla i Fr\u00f6sakull."},"content":{"rendered":"<p>H\u00e4r utformar vi en lummig tr\u00e4dg\u00e5rd att vandra runt i med havet och naturen som granne.<\/p>\n<p><a href=\"http:\/\/lykkans.se\/wp-content\/uploads\/2012\/05\/Villa-Nilla-c.jpg\"><img loading=\"lazy\" decoding=\"async\" class=\"alignnone size-full wp-image-648\" title=\"Anette in action\" src=\"http:\/\/lykkans.se\/wp-content\/uploads\/2012\/05\/Villa-Nilla-c.jpg\" alt=\"\" width=\"635\" height=\"476\" srcset=\"https:\/\/lykkans.se\/wp-content\/uploads\/2012\/05\/Villa-Nilla-c.jpg 635w, https:\/\/lykkans.se\/wp-content\/uploads\/2012\/05\/Villa-Nilla-c-300x224.jpg 300w\" sizes=\"(max-width: 635px) 100vw, 635px\" \/><\/a><\/p>\n<p>I stendammet syns Anette p\u00e5 Lykkans som koncentrerar sig.<!--more-->\u00a0Ett tr\u00e4dg\u00e5rdsprojekt i samarbete med tr\u00e4dg\u00e5rdsarkitekt<\/p>\n<p><a href=\"http:\/\/www.inspireadesign.se\">Maritha S. Broman p\u00e5 Inspirea Tr\u00e4dg\u00e5rd &amp; design.<\/a><\/p>\n<p>Maritha funderar och astillben v\u00e4ntar p\u00e5 att komma i jorden.<\/p>\n<p><a href=\"http:\/\/lykkans.se\/wp-content\/uploads\/2012\/05\/Villa-Nilla-f.jpg\"><img loading=\"lazy\" decoding=\"async\" title=\"Maritha funderar\" src=\"http:\/\/lykkans.se\/wp-content\/uploads\/2012\/05\/Villa-Nilla-f.jpg\" alt=\"\" width=\"635\" height=\"506\" \/><\/a><\/p>\n<p>Jag samarbetar \u00e4ven med tr\u00e4dg\u00e5rdsm\u00e4stare och tr\u00e4dg\u00e5rdsanl\u00e4ggare Per Hansson p\u00e5 <a href=\"http:\/\/www.tradgardshjalpen.com\/\">Tr\u00e4dg\u00e5rdshj\u00e4lpen<\/a>.<\/p>\n<p><a href=\"http:\/\/lykkans.se\/wp-content\/uploads\/2012\/05\/Villa-Nilla-d.jpg\"><img loading=\"lazy\" decoding=\"async\" class=\"alignnone size-full wp-image-649\" title=\"Per Tr\u00e4dg\u00e5rdshj\u00e4lpen\" src=\"http:\/\/lykkans.se\/wp-content\/uploads\/2012\/05\/Villa-Nilla-d.jpg\" alt=\"\" width=\"635\" height=\"476\" srcset=\"https:\/\/lykkans.se\/wp-content\/uploads\/2012\/05\/Villa-Nilla-d.jpg 635w, https:\/\/lykkans.se\/wp-content\/uploads\/2012\/05\/Villa-Nilla-d-300x224.jpg 300w\" sizes=\"(max-width: 635px) 100vw, 635px\" \/><\/a><\/p>\n<p>En ensam al v\u00e4ntar, och \u00e4r man uppm\u00e4rksam ser man de mjukt sv\u00e4ngda formerna som snart blir tydligare. H\u00e4r planteras en parkliknande tr\u00e4dg\u00e5rd, med f\u00f6rrutom bj\u00f6rk och al, tallar rododendron, hostor, astillbes, br\u00e4ken och m\u00e5nga fler v\u00e4xt\u00f6verraskningar.<\/p>\n<p><a href=\"http:\/\/lykkans.se\/wp-content\/uploads\/2012\/05\/Villa-Nilla-j.jpg\"><img loading=\"lazy\" decoding=\"async\" class=\"alignnone size-full wp-image-651\" title=\"Ensam al\" src=\"http:\/\/lykkans.se\/wp-content\/uploads\/2012\/05\/Villa-Nilla-j.jpg\" alt=\"\" width=\"635\" height=\"476\" srcset=\"https:\/\/lykkans.se\/wp-content\/uploads\/2012\/05\/Villa-Nilla-j.jpg 635w, https:\/\/lykkans.se\/wp-content\/uploads\/2012\/05\/Villa-Nilla-j-300x224.jpg 300w\" sizes=\"(max-width: 635px) 100vw, 635px\" \/><\/a><\/p>\n<p>Tomten gr\u00e4nsar till vildvuxen park och stranden lockar.<\/p>\n<p><a href=\"http:\/\/lykkans.se\/wp-content\/uploads\/2012\/05\/Villa-Nilla-i.jpg\"><img loading=\"lazy\" decoding=\"async\" class=\"alignnone size-full wp-image-652\" title=\"Snart ett woodland\" src=\"http:\/\/lykkans.se\/wp-content\/uploads\/2012\/05\/Villa-Nilla-i.jpg\" alt=\"\" width=\"635\" height=\"476\" srcset=\"https:\/\/lykkans.se\/wp-content\/uploads\/2012\/05\/Villa-Nilla-i.jpg 635w, https:\/\/lykkans.se\/wp-content\/uploads\/2012\/05\/Villa-Nilla-i-300x224.jpg 300w\" sizes=\"(max-width: 635px) 100vw, 635px\" \/><\/a><\/p>\n<p>En stor terrass f\u00f6r sommarens tr\u00e4dg\u00e5rdsfester! Snart omsluten av rododendron och hortensior.<\/p>\n<p><a href=\"http:\/\/lykkans.se\/wp-content\/uploads\/2012\/05\/Villa-Nilla-g.jpg\"><img loading=\"lazy\" decoding=\"async\" class=\"alignnone size-full wp-image-653\" title=\"En plats f\u00f6r tr\u00e4dg\u00e5rdsfester\" src=\"http:\/\/lykkans.se\/wp-content\/uploads\/2012\/05\/Villa-Nilla-g.jpg\" alt=\"\" width=\"635\" height=\"476\" srcset=\"https:\/\/lykkans.se\/wp-content\/uploads\/2012\/05\/Villa-Nilla-g.jpg 635w, https:\/\/lykkans.se\/wp-content\/uploads\/2012\/05\/Villa-Nilla-g-300x224.jpg 300w\" sizes=\"(max-width: 635px) 100vw, 635px\" \/><\/a><\/p>\n<p>Snart b\u00f6rjar vi plantera! Mer bilder inom kort.<\/p>\n","protected":false},"excerpt":{"rendered":"<p>H\u00e4r utformar vi en lummig tr\u00e4dg\u00e5rd att vandra runt i med havet och naturen som granne. I stendammet syns Anette p\u00e5 Lykkans som koncentrerar sig.<\/p>\n","protected":false},"author":2,"featured_media":0,"comment_status":"closed","ping_status":"closed","sticky":false,"template":"","format":"standard","meta":{"saved_in_kubio":false,"footnotes":""},"categories":[1],"tags":[18],"class_list":["post-647","post","type-post","status-publish","format-standard","hentry","category-referenser","tag-villa-nilla"],"yoast_head":"<!-- This site is optimized with the Yoast SEO plugin v22.1 - https:\/\/yoast.com\/wordpress\/plugins\/seo\/ -->\n<title>Anl\u00e4ggning av Villa Nilla i Fr\u00f6sakull. - Lykkans Designtr\u00e4dg\u00e5rdar AB<\/title>\n<meta name=\"robots\" content=\"index, follow, max-snippet:-1, max-image-preview:large, max-video-preview:-1\" \/>\n<link rel=\"canonical\" href=\"https:\/\/lykkans.se\/index.php\/2012\/05\/anlaggning-av-villa-nilla-i-frosakull\/\" \/>\n<meta property=\"og:locale\" content=\"en_US\" \/>\n<meta property=\"og:type\" content=\"article\" \/>\n<meta property=\"og:title\" content=\"Anl\u00e4ggning av Villa Nilla i Fr\u00f6sakull. - Lykkans Designtr\u00e4dg\u00e5rdar AB\" \/>\n<meta property=\"og:description\" content=\"H\u00e4r utformar vi en lummig tr\u00e4dg\u00e5rd att vandra runt i med havet och naturen som granne. I stendammet syns Anette p\u00e5 Lykkans som koncentrerar sig.\" \/>\n<meta property=\"og:url\" content=\"https:\/\/lykkans.se\/index.php\/2012\/05\/anlaggning-av-villa-nilla-i-frosakull\/\" \/>\n<meta property=\"og:site_name\" content=\"Lykkans Designtr\u00e4dg\u00e5rdar AB\" \/>\n<meta property=\"article:publisher\" content=\"https:\/\/www.facebook.com\/Lykkans\" \/>\n<meta property=\"article:published_time\" content=\"2012-05-31T14:17:18+00:00\" \/>\n<meta property=\"article:modified_time\" content=\"2012-08-28T19:40:35+00:00\" \/>\n<meta property=\"og:image\" content=\"http:\/\/lykkans.se\/wp-content\/uploads\/2012\/05\/Villa-Nilla-c.jpg\" \/>\n<meta name=\"author\" content=\"Anette\" \/>\n<meta name=\"twitter:card\" content=\"summary_large_image\" \/>\n<meta name=\"twitter:label1\" content=\"Written by\" \/>\n\t<meta name=\"twitter:data1\" content=\"Anette\" \/>\n\t<meta name=\"twitter:label2\" content=\"Est. reading time\" \/>\n\t<meta name=\"twitter:data2\" content=\"1 minute\" \/>\n<script type=\"application\/ld+json\" class=\"yoast-schema-graph\">{\"@context\":\"https:\/\/schema.org\",\"@graph\":[{\"@type\":\"Article\",\"@id\":\"https:\/\/lykkans.se\/index.php\/2012\/05\/anlaggning-av-villa-nilla-i-frosakull\/#article\",\"isPartOf\":{\"@id\":\"https:\/\/lykkans.se\/index.php\/2012\/05\/anlaggning-av-villa-nilla-i-frosakull\/\"},\"author\":{\"name\":\"Anette\",\"@id\":\"https:\/\/lykkans.se\/#\/schema\/person\/b4a6bafe7258e625683fb5620c135303\"},\"headline\":\"Anl\u00e4ggning av Villa Nilla i Fr\u00f6sakull.\",\"datePublished\":\"2012-05-31T14:17:18+00:00\",\"dateModified\":\"2012-08-28T19:40:35+00:00\",\"mainEntityOfPage\":{\"@id\":\"https:\/\/lykkans.se\/index.php\/2012\/05\/anlaggning-av-villa-nilla-i-frosakull\/\"},\"wordCount\":169,\"publisher\":{\"@id\":\"https:\/\/lykkans.se\/#organization\"},\"keywords\":[\"Villa Nilla\"],\"articleSection\":[\"Referenser\"],\"inLanguage\":\"en-US\"},{\"@type\":\"WebPage\",\"@id\":\"https:\/\/lykkans.se\/index.php\/2012\/05\/anlaggning-av-villa-nilla-i-frosakull\/\",\"url\":\"https:\/\/lykkans.se\/index.php\/2012\/05\/anlaggning-av-villa-nilla-i-frosakull\/\",\"name\":\"Anl\u00e4ggning av Villa Nilla i Fr\u00f6sakull. - Lykkans Designtr\u00e4dg\u00e5rdar AB\",\"isPartOf\":{\"@id\":\"https:\/\/lykkans.se\/#website\"},\"datePublished\":\"2012-05-31T14:17:18+00:00\",\"dateModified\":\"2012-08-28T19:40:35+00:00\",\"breadcrumb\":{\"@id\":\"https:\/\/lykkans.se\/index.php\/2012\/05\/anlaggning-av-villa-nilla-i-frosakull\/#breadcrumb\"},\"inLanguage\":\"en-US\",\"potentialAction\":[{\"@type\":\"ReadAction\",\"target\":[\"https:\/\/lykkans.se\/index.php\/2012\/05\/anlaggning-av-villa-nilla-i-frosakull\/\"]}]},{\"@type\":\"BreadcrumbList\",\"@id\":\"https:\/\/lykkans.se\/index.php\/2012\/05\/anlaggning-av-villa-nilla-i-frosakull\/#breadcrumb\",\"itemListElement\":[{\"@type\":\"ListItem\",\"position\":1,\"name\":\"Home\",\"item\":\"https:\/\/lykkans.se\/\"},{\"@type\":\"ListItem\",\"position\":2,\"name\":\"Anl\u00e4ggning av Villa Nilla i Fr\u00f6sakull.\"}]},{\"@type\":\"WebSite\",\"@id\":\"https:\/\/lykkans.se\/#website\",\"url\":\"https:\/\/lykkans.se\/\",\"name\":\"Lykkans Designtr\u00e4dg\u00e5rdar AB\",\"description\":\"Tr\u00e4dg\u00e5rdsdesign med tr\u00e4dg\u00e5rdsarkitekt Anette G\u00e5rdhagen 070-888 1191\",\"publisher\":{\"@id\":\"https:\/\/lykkans.se\/#organization\"},\"potentialAction\":[{\"@type\":\"SearchAction\",\"target\":{\"@type\":\"EntryPoint\",\"urlTemplate\":\"https:\/\/lykkans.se\/?s={search_term_string}\"},\"query-input\":\"required name=search_term_string\"}],\"inLanguage\":\"en-US\"},{\"@type\":\"Organization\",\"@id\":\"https:\/\/lykkans.se\/#organization\",\"name\":\"Lykkans Designtr\u00e4dg\u00e5rdar AB\",\"url\":\"https:\/\/lykkans.se\/\",\"logo\":{\"@type\":\"ImageObject\",\"inLanguage\":\"en-US\",\"@id\":\"https:\/\/lykkans.se\/#\/schema\/logo\/image\/\",\"url\":\"https:\/\/lykkans.se\/wp-content\/uploads\/2021\/02\/cropped-0909-lykkans-designtradgardar-logo_m_outline_A4-3.pdf\",\"contentUrl\":\"https:\/\/lykkans.se\/wp-content\/uploads\/2021\/02\/cropped-0909-lykkans-designtradgardar-logo_m_outline_A4-3.pdf\",\"caption\":\"Lykkans Designtr\u00e4dg\u00e5rdar AB\"},\"image\":{\"@id\":\"https:\/\/lykkans.se\/#\/schema\/logo\/image\/\"},\"sameAs\":[\"https:\/\/www.facebook.com\/Lykkans\"]},{\"@type\":\"Person\",\"@id\":\"https:\/\/lykkans.se\/#\/schema\/person\/b4a6bafe7258e625683fb5620c135303\",\"name\":\"Anette\",\"image\":{\"@type\":\"ImageObject\",\"inLanguage\":\"en-US\",\"@id\":\"https:\/\/lykkans.se\/#\/schema\/person\/image\/\",\"url\":\"https:\/\/secure.gravatar.com\/avatar\/4b2b0b316cf99e2d2db42839cd347e8315d09ba8bf79316b39caa9209d237805?s=96&d=identicon&r=g\",\"contentUrl\":\"https:\/\/secure.gravatar.com\/avatar\/4b2b0b316cf99e2d2db42839cd347e8315d09ba8bf79316b39caa9209d237805?s=96&d=identicon&r=g\",\"caption\":\"Anette\"},\"sameAs\":[\"http:\/\/lykkans.se\"],\"url\":\"https:\/\/lykkans.se\/index.php\/author\/anette\/\"}]}<\/script>\n<!-- \/ Yoast SEO plugin. -->","yoast_head_json":{"title":"Anl\u00e4ggning av Villa Nilla i Fr\u00f6sakull. - Lykkans Designtr\u00e4dg\u00e5rdar AB","robots":{"index":"index","follow":"follow","max-snippet":"max-snippet:-1","max-image-preview":"max-image-preview:large","max-video-preview":"max-video-preview:-1"},"canonical":"https:\/\/lykkans.se\/index.php\/2012\/05\/anlaggning-av-villa-nilla-i-frosakull\/","og_locale":"en_US","og_type":"article","og_title":"Anl\u00e4ggning av Villa Nilla i Fr\u00f6sakull. - Lykkans Designtr\u00e4dg\u00e5rdar AB","og_description":"H\u00e4r utformar vi en lummig tr\u00e4dg\u00e5rd att vandra runt i med havet och naturen som granne. I stendammet syns Anette p\u00e5 Lykkans som koncentrerar sig.","og_url":"https:\/\/lykkans.se\/index.php\/2012\/05\/anlaggning-av-villa-nilla-i-frosakull\/","og_site_name":"Lykkans Designtr\u00e4dg\u00e5rdar AB","article_publisher":"https:\/\/www.facebook.com\/Lykkans","article_published_time":"2012-05-31T14:17:18+00:00","article_modified_time":"2012-08-28T19:40:35+00:00","og_image":[{"url":"http:\/\/lykkans.se\/wp-content\/uploads\/2012\/05\/Villa-Nilla-c.jpg"}],"author":"Anette","twitter_card":"summary_large_image","twitter_misc":{"Written by":"Anette","Est. reading time":"1 minute"},"schema":{"@context":"https:\/\/schema.org","@graph":[{"@type":"Article","@id":"https:\/\/lykkans.se\/index.php\/2012\/05\/anlaggning-av-villa-nilla-i-frosakull\/#article","isPartOf":{"@id":"https:\/\/lykkans.se\/index.php\/2012\/05\/anlaggning-av-villa-nilla-i-frosakull\/"},"author":{"name":"Anette","@id":"https:\/\/lykkans.se\/#\/schema\/person\/b4a6bafe7258e625683fb5620c135303"},"headline":"Anl\u00e4ggning av Villa Nilla i Fr\u00f6sakull.","datePublished":"2012-05-31T14:17:18+00:00","dateModified":"2012-08-28T19:40:35+00:00","mainEntityOfPage":{"@id":"https:\/\/lykkans.se\/index.php\/2012\/05\/anlaggning-av-villa-nilla-i-frosakull\/"},"wordCount":169,"publisher":{"@id":"https:\/\/lykkans.se\/#organization"},"keywords":["Villa Nilla"],"articleSection":["Referenser"],"inLanguage":"en-US"},{"@type":"WebPage","@id":"https:\/\/lykkans.se\/index.php\/2012\/05\/anlaggning-av-villa-nilla-i-frosakull\/","url":"https:\/\/lykkans.se\/index.php\/2012\/05\/anlaggning-av-villa-nilla-i-frosakull\/","name":"Anl\u00e4ggning av Villa Nilla i Fr\u00f6sakull. - Lykkans Designtr\u00e4dg\u00e5rdar AB","isPartOf":{"@id":"https:\/\/lykkans.se\/#website"},"datePublished":"2012-05-31T14:17:18+00:00","dateModified":"2012-08-28T19:40:35+00:00","breadcrumb":{"@id":"https:\/\/lykkans.se\/index.php\/2012\/05\/anlaggning-av-villa-nilla-i-frosakull\/#breadcrumb"},"inLanguage":"en-US","potentialAction":[{"@type":"ReadAction","target":["https:\/\/lykkans.se\/index.php\/2012\/05\/anlaggning-av-villa-nilla-i-frosakull\/"]}]},{"@type":"BreadcrumbList","@id":"https:\/\/lykkans.se\/index.php\/2012\/05\/anlaggning-av-villa-nilla-i-frosakull\/#breadcrumb","itemListElement":[{"@type":"ListItem","position":1,"name":"Home","item":"https:\/\/lykkans.se\/"},{"@type":"ListItem","position":2,"name":"Anl\u00e4ggning av Villa Nilla i Fr\u00f6sakull."}]},{"@type":"WebSite","@id":"https:\/\/lykkans.se\/#website","url":"https:\/\/lykkans.se\/","name":"Lykkans Designtr\u00e4dg\u00e5rdar AB","description":"Tr\u00e4dg\u00e5rdsdesign med tr\u00e4dg\u00e5rdsarkitekt Anette G\u00e5rdhagen 070-888 1191","publisher":{"@id":"https:\/\/lykkans.se\/#organization"},"potentialAction":[{"@type":"SearchAction","target":{"@type":"EntryPoint","urlTemplate":"https:\/\/lykkans.se\/?s={search_term_string}"},"query-input":"required name=search_term_string"}],"inLanguage":"en-US"},{"@type":"Organization","@id":"https:\/\/lykkans.se\/#organization","name":"Lykkans Designtr\u00e4dg\u00e5rdar AB","url":"https:\/\/lykkans.se\/","logo":{"@type":"ImageObject","inLanguage":"en-US","@id":"https:\/\/lykkans.se\/#\/schema\/logo\/image\/","url":"https:\/\/lykkans.se\/wp-content\/uploads\/2021\/02\/cropped-0909-lykkans-designtradgardar-logo_m_outline_A4-3.pdf","contentUrl":"https:\/\/lykkans.se\/wp-content\/uploads\/2021\/02\/cropped-0909-lykkans-designtradgardar-logo_m_outline_A4-3.pdf","caption":"Lykkans Designtr\u00e4dg\u00e5rdar AB"},"image":{"@id":"https:\/\/lykkans.se\/#\/schema\/logo\/image\/"},"sameAs":["https:\/\/www.facebook.com\/Lykkans"]},{"@type":"Person","@id":"https:\/\/lykkans.se\/#\/schema\/person\/b4a6bafe7258e625683fb5620c135303","name":"Anette","image":{"@type":"ImageObject","inLanguage":"en-US","@id":"https:\/\/lykkans.se\/#\/schema\/person\/image\/","url":"https:\/\/secure.gravatar.com\/avatar\/4b2b0b316cf99e2d2db42839cd347e8315d09ba8bf79316b39caa9209d237805?s=96&d=identicon&r=g","contentUrl":"https:\/\/secure.gravatar.com\/avatar\/4b2b0b316cf99e2d2db42839cd347e8315d09ba8bf79316b39caa9209d237805?s=96&d=identicon&r=g","caption":"Anette"},"sameAs":["http:\/\/lykkans.se"],"url":"https:\/\/lykkans.se\/index.php\/author\/anette\/"}]}},"_links":{"self":[{"href":"https:\/\/lykkans.se\/index.php\/wp-json\/wp\/v2\/posts\/647","targetHints":{"allow":["GET"]}}],"collection":[{"href":"https:\/\/lykkans.se\/index.php\/wp-json\/wp\/v2\/posts"}],"about":[{"href":"https:\/\/lykkans.se\/index.php\/wp-json\/wp\/v2\/types\/post"}],"author":[{"embeddable":true,"href":"https:\/\/lykkans.se\/index.php\/wp-json\/wp\/v2\/users\/2"}],"replies":[{"embeddable":true,"href":"https:\/\/lykkans.se\/index.php\/wp-json\/wp\/v2\/comments?post=647"}],"version-history":[{"count":10,"href":"https:\/\/lykkans.se\/index.php\/wp-json\/wp\/v2\/posts\/647\/revisions"}],"predecessor-version":[{"id":790,"href":"https:\/\/lykkans.se\/index.php\/wp-json\/wp\/v2\/posts\/647\/revisions\/790"}],"wp:attachment":[{"href":"https:\/\/lykkans.se\/index.php\/wp-json\/wp\/v2\/media?parent=647"}],"wp:term":[{"taxonomy":"category","embeddable":true,"href":"https:\/\/lykkans.se\/index.php\/wp-json\/wp\/v2\/categories?post=647"},{"taxonomy":"post_tag","embeddable":true,"href":"https:\/\/lykkans.se\/index.php\/wp-json\/wp\/v2\/tags?post=647"}],"curies":[{"name":"wp","href":"https:\/\/api.w.org\/{rel}","templated":true}]}}