{"id":843,"date":"2012-09-12T11:14:54","date_gmt":"2012-09-12T09:14:54","guid":{"rendered":"http:\/\/lykkans.se\/?p=843"},"modified":"2013-02-06T10:53:44","modified_gmt":"2013-02-06T09:53:44","slug":"en-fargsprakande-vild-perennrabatt","status":"publish","type":"post","link":"https:\/\/lykkans.se\/index.php\/2012\/09\/en-fargsprakande-vild-perennrabatt\/","title":{"rendered":"En f\u00e4rgsprakande vild perennrabatt!"},"content":{"rendered":"<p>Villa Cecilia fullkomligt lyser och surrar!<\/p>\n<p>Planteringen gjorde vi i slutet p\u00e5 maj.<\/p>\n<p><a href=\"http:\/\/lykkans.se\/wp-content\/uploads\/2012\/09\/20120910-Alnarp8-b.jpg\"><img loading=\"lazy\" decoding=\"async\" class=\"alignnone size-full wp-image-844\" title=\"Wllde planting\" src=\"http:\/\/lykkans.se\/wp-content\/uploads\/2012\/09\/20120910-Alnarp8-b.jpg\" alt=\"\" width=\"635\" height=\"423\" srcset=\"https:\/\/lykkans.se\/wp-content\/uploads\/2012\/09\/20120910-Alnarp8-b.jpg 635w, https:\/\/lykkans.se\/wp-content\/uploads\/2012\/09\/20120910-Alnarp8-b-300x199.jpg 300w\" sizes=\"(max-width: 635px) 100vw, 635px\" \/><\/a>Underbart! \u00c4nnu i september och l\u00e4nge till kan denna rabatt njutas. Vissa v\u00e4xter har blommat \u00f6ver och b\u00f6rjar sin vila. S\u00e5 sm\u00e5ningom st\u00e5r gr\u00e4sen, <em>Calamagrostis acutiflora &#8216;Karl Foerster&#8217;<\/em> ensamma med <em>Echinaceans<\/em> vackra blomst\u00e4llningar och f\u00e4rgskalan g\u00e5r \u00e5t h\u00f6stens vackra bruna nyanser, och lugnet l\u00e4gger sig.<!--more--><\/p>\n<p>Gunnel Carlsson s\u00e4ger att alla borde ha en &#8216;Magnus&#8217; i tr\u00e4dg\u00e5rden! Jag h\u00e5ller med. Den legendariske svenske tr\u00e4dg\u00e5rdsm\u00e4staren Magnus B Nilsson \u00e4r upphovsman till Echinacea purpurea &#8216;Magnus&#8217;, en vacker stadig solhatt, som jag inte f\u00e5r nog av. H\u00e4r i en symfoni med <em>Helenium &#8216;Moerheim Beauty&#8217;<\/em> och <em>Agastache &#8216;Black Adder&#8217;.<\/em><\/p>\n<p><a href=\"http:\/\/lykkans.se\/wp-content\/uploads\/2012\/09\/20120910-Alnarp8-d.jpg\"><img loading=\"lazy\" decoding=\"async\" class=\"alignnone size-full wp-image-845\" title=\"'Magnus'\" src=\"http:\/\/lykkans.se\/wp-content\/uploads\/2012\/09\/20120910-Alnarp8-d.jpg\" alt=\"\" width=\"635\" height=\"423\" srcset=\"https:\/\/lykkans.se\/wp-content\/uploads\/2012\/09\/20120910-Alnarp8-d.jpg 635w, https:\/\/lykkans.se\/wp-content\/uploads\/2012\/09\/20120910-Alnarp8-d-300x199.jpg 300w\" sizes=\"(max-width: 635px) 100vw, 635px\" \/><\/a><\/p>\n<p><em>Magnolia stellata<\/em>, stj\u00e4rnmagnolia rundar av h\u00f6rnet. Kantnepeta och n\u00e4vor t\u00e4cker jorden.<\/p>\n<p><a href=\"http:\/\/lykkans.se\/wp-content\/uploads\/2012\/09\/20120910-Alnarp8-c.jpg\"><img loading=\"lazy\" decoding=\"async\" class=\"alignnone size-full wp-image-846\" title=\"Magnolia Stellata\" src=\"http:\/\/lykkans.se\/wp-content\/uploads\/2012\/09\/20120910-Alnarp8-c.jpg\" alt=\"\" width=\"635\" height=\"423\" srcset=\"https:\/\/lykkans.se\/wp-content\/uploads\/2012\/09\/20120910-Alnarp8-c.jpg 635w, https:\/\/lykkans.se\/wp-content\/uploads\/2012\/09\/20120910-Alnarp8-c-300x199.jpg 300w\" sizes=\"(max-width: 635px) 100vw, 635px\" \/><\/a><\/p>\n<p><em>Prunus persica &#8216;Riga<\/em>&#8216; gillar den varma s\u00f6derv\u00e4ggen!<\/p>\n<p><a href=\"http:\/\/lykkans.se\/wp-content\/uploads\/2012\/09\/20120912-Alnarp8-m.jpg\"><img loading=\"lazy\" decoding=\"async\" class=\"alignnone size-full wp-image-847\" title=\"Prunus persica 'Riga'\" src=\"http:\/\/lykkans.se\/wp-content\/uploads\/2012\/09\/20120912-Alnarp8-m.jpg\" alt=\"\" width=\"635\" height=\"953\" srcset=\"https:\/\/lykkans.se\/wp-content\/uploads\/2012\/09\/20120912-Alnarp8-m.jpg 635w, https:\/\/lykkans.se\/wp-content\/uploads\/2012\/09\/20120912-Alnarp8-m-199x300.jpg 199w\" sizes=\"(max-width: 635px) 100vw, 635px\" \/><\/a><\/p>\n<p>Honungsrosen <em>Lykkefund<\/em>, nu ser vi henne! och fortfarande \u00e4r hon v\u00e4rd att v\u00e4ntas p\u00e5. Den japanska dv\u00e4rgidegranen, <em>Taxus cuspidata &#8216;Nana&#8217;<\/em>, etablerar sig bra och blir en fin inramningsh\u00e4ck.<\/p>\n<p><a href=\"http:\/\/lykkans.se\/wp-content\/uploads\/2012\/09\/20120912-Alnarp8-l.jpg\"><img loading=\"lazy\" decoding=\"async\" class=\"alignnone size-full wp-image-848\" title=\"Lykkefund\" src=\"http:\/\/lykkans.se\/wp-content\/uploads\/2012\/09\/20120912-Alnarp8-l.jpg\" alt=\"\" width=\"635\" height=\"953\" srcset=\"https:\/\/lykkans.se\/wp-content\/uploads\/2012\/09\/20120912-Alnarp8-l.jpg 635w, https:\/\/lykkans.se\/wp-content\/uploads\/2012\/09\/20120912-Alnarp8-l-199x300.jpg 199w\" sizes=\"(max-width: 635px) 100vw, 635px\" \/><\/a><\/p>\n<p>Entr\u00e9rabatt med <em>Rosa Winchester Cathedral<\/em>, en av <em>Austins<\/em> b\u00e4sta vita rosor. H\u00e4r \u00e4r de planterade i grupper p\u00e5 varsin sida om entr\u00e9trappan. N\u00e4sta s\u00e4song har de vuxit ihop till en praktfull buske. Rosorna har sina dansande tr\u00e4dg\u00e5rdsv\u00e4nner, h\u00f6stanemonen <em>Anemone x hybrida &#8216;Honorine Joubert&#8217;<\/em> som jag tycker \u00e4r en bra vit sort och inte lika ben\u00e4gen att sprida sig som andra sorter.<\/p>\n<p><a href=\"http:\/\/lykkans.se\/wp-content\/uploads\/2012\/09\/20120910-Alnarp8-a.jpg\"><img loading=\"lazy\" decoding=\"async\" class=\"alignnone size-full wp-image-849\" title=\"Taxus baccata fastigiata 'Robusta'\" src=\"http:\/\/lykkans.se\/wp-content\/uploads\/2012\/09\/20120910-Alnarp8-a.jpg\" alt=\"\" width=\"635\" height=\"423\" srcset=\"https:\/\/lykkans.se\/wp-content\/uploads\/2012\/09\/20120910-Alnarp8-a.jpg 635w, https:\/\/lykkans.se\/wp-content\/uploads\/2012\/09\/20120910-Alnarp8-a-300x199.jpg 300w\" sizes=\"(max-width: 635px) 100vw, 635px\" \/><\/a><\/p>\n<p>Rosa Winchester Cathedral \u00e4r en hybrid av &#8216;Mary Rose&#8217;. Ibland kan man se b\u00e5de rosa och vita rosor p\u00e5 samma buske, d\u00e5 har rosen g\u00e5tt tillbaka till den rosa moderformen. H\u00e4r kan ni se det.<\/p>\n<p><a href=\"http:\/\/lykkans.se\/wp-content\/uploads\/2012\/09\/20120912-Alnarp8-k.jpg\"><img loading=\"lazy\" decoding=\"async\" class=\"alignnone size-full wp-image-850\" title=\"Rosa Winchester Cathedral\" src=\"http:\/\/lykkans.se\/wp-content\/uploads\/2012\/09\/20120912-Alnarp8-k.jpg\" alt=\"\" width=\"635\" height=\"423\" srcset=\"https:\/\/lykkans.se\/wp-content\/uploads\/2012\/09\/20120912-Alnarp8-k.jpg 635w, https:\/\/lykkans.se\/wp-content\/uploads\/2012\/09\/20120912-Alnarp8-k-300x199.jpg 300w\" sizes=\"(max-width: 635px) 100vw, 635px\" \/><\/a><\/p>\n<p>Den \u00e4r fantastisk vacker \u00e4ven i rosa, men i h\u00f6st byter vi ut den.<\/p>\n<p><a href=\"http:\/\/lykkans.se\/wp-content\/uploads\/2012\/09\/20120912-Alnarp8-n.jpg\"><img loading=\"lazy\" decoding=\"async\" class=\"alignnone size-full wp-image-851\" title=\"Winchester Cathedral in pink\" src=\"http:\/\/lykkans.se\/wp-content\/uploads\/2012\/09\/20120912-Alnarp8-n.jpg\" alt=\"\" width=\"635\" height=\"423\" srcset=\"https:\/\/lykkans.se\/wp-content\/uploads\/2012\/09\/20120912-Alnarp8-n.jpg 635w, https:\/\/lykkans.se\/wp-content\/uploads\/2012\/09\/20120912-Alnarp8-n-300x199.jpg 300w\" sizes=\"(max-width: 635px) 100vw, 635px\" \/><\/a><\/p>\n<p>Tack Cecilia och Thomas f\u00f6r att jag f\u00e5tt jobba i er fina tr\u00e4dg\u00e5rd!<\/p>\n<p>Titta g\u00e4rna p\u00e5 tidigare inl\u00e4gg om Villa Cecilia, d\u00e4r finns skisser och bilder fr\u00e5n planteringsarbetet.\u00a0<a href=\"http:\/\/lykkans.se\/index.php\/2012\/05\/plantering-av-entrerabatt-och-fargsprakande-perennrabatt\/\">http:\/\/lykkans.se\/index.php\/2012\/05\/plantering-av-entrerabatt-och-fargsprakande-perennrabatt\/<\/a><\/p>\n","protected":false},"excerpt":{"rendered":"<p>Villa Cecilia fullkomligt lyser och surrar! Planteringen gjorde vi i slutet p\u00e5 maj. Underbart! \u00c4nnu i september och l\u00e4nge till kan denna rabatt njutas. Vissa v\u00e4xter har blommat \u00f6ver och b\u00f6rjar sin vila. S\u00e5 sm\u00e5ningom st\u00e5r gr\u00e4sen, Calamagrostis acutiflora &#8216;Karl Foerster&#8217; ensamma med Echinaceans vackra blomst\u00e4llningar och f\u00e4rgskalan g\u00e5r \u00e5t h\u00f6stens vackra bruna nyanser, och [&hellip;]<\/p>\n","protected":false},"author":2,"featured_media":0,"comment_status":"open","ping_status":"closed","sticky":false,"template":"","format":"standard","meta":{"saved_in_kubio":false,"footnotes":""},"categories":[1],"tags":[17],"class_list":["post-843","post","type-post","status-publish","format-standard","hentry","category-referenser","tag-villa-cecilia"],"yoast_head":"<!-- This site is optimized with the Yoast SEO plugin v22.1 - https:\/\/yoast.com\/wordpress\/plugins\/seo\/ -->\n<title>En f\u00e4rgsprakande vild perennrabatt! - Lykkans Designtr\u00e4dg\u00e5rdar AB<\/title>\n<meta name=\"robots\" content=\"index, follow, max-snippet:-1, max-image-preview:large, max-video-preview:-1\" \/>\n<link rel=\"canonical\" href=\"https:\/\/lykkans.se\/index.php\/2012\/09\/en-fargsprakande-vild-perennrabatt\/\" \/>\n<meta property=\"og:locale\" content=\"en_US\" \/>\n<meta property=\"og:type\" content=\"article\" \/>\n<meta property=\"og:title\" content=\"En f\u00e4rgsprakande vild perennrabatt! - Lykkans Designtr\u00e4dg\u00e5rdar AB\" \/>\n<meta property=\"og:description\" content=\"Villa Cecilia fullkomligt lyser och surrar! Planteringen gjorde vi i slutet p\u00e5 maj. Underbart! \u00c4nnu i september och l\u00e4nge till kan denna rabatt njutas. Vissa v\u00e4xter har blommat \u00f6ver och b\u00f6rjar sin vila. S\u00e5 sm\u00e5ningom st\u00e5r gr\u00e4sen, Calamagrostis acutiflora &#8216;Karl Foerster&#8217; ensamma med Echinaceans vackra blomst\u00e4llningar och f\u00e4rgskalan g\u00e5r \u00e5t h\u00f6stens vackra bruna nyanser, och [&hellip;]\" \/>\n<meta property=\"og:url\" content=\"https:\/\/lykkans.se\/index.php\/2012\/09\/en-fargsprakande-vild-perennrabatt\/\" \/>\n<meta property=\"og:site_name\" content=\"Lykkans Designtr\u00e4dg\u00e5rdar AB\" \/>\n<meta property=\"article:publisher\" content=\"https:\/\/www.facebook.com\/Lykkans\" \/>\n<meta property=\"article:published_time\" content=\"2012-09-12T09:14:54+00:00\" \/>\n<meta property=\"article:modified_time\" content=\"2013-02-06T09:53:44+00:00\" \/>\n<meta property=\"og:image\" content=\"http:\/\/lykkans.se\/wp-content\/uploads\/2012\/09\/20120910-Alnarp8-b.jpg\" \/>\n<meta name=\"author\" content=\"Anette\" \/>\n<meta name=\"twitter:card\" content=\"summary_large_image\" \/>\n<meta name=\"twitter:label1\" content=\"Written by\" \/>\n\t<meta name=\"twitter:data1\" content=\"Anette\" \/>\n\t<meta name=\"twitter:label2\" content=\"Est. reading time\" \/>\n\t<meta name=\"twitter:data2\" content=\"2 minutes\" \/>\n<script type=\"application\/ld+json\" class=\"yoast-schema-graph\">{\"@context\":\"https:\/\/schema.org\",\"@graph\":[{\"@type\":\"Article\",\"@id\":\"https:\/\/lykkans.se\/index.php\/2012\/09\/en-fargsprakande-vild-perennrabatt\/#article\",\"isPartOf\":{\"@id\":\"https:\/\/lykkans.se\/index.php\/2012\/09\/en-fargsprakande-vild-perennrabatt\/\"},\"author\":{\"name\":\"Anette\",\"@id\":\"https:\/\/lykkans.se\/#\/schema\/person\/b4a6bafe7258e625683fb5620c135303\"},\"headline\":\"En f\u00e4rgsprakande vild perennrabatt!\",\"datePublished\":\"2012-09-12T09:14:54+00:00\",\"dateModified\":\"2013-02-06T09:53:44+00:00\",\"mainEntityOfPage\":{\"@id\":\"https:\/\/lykkans.se\/index.php\/2012\/09\/en-fargsprakande-vild-perennrabatt\/\"},\"wordCount\":355,\"commentCount\":0,\"publisher\":{\"@id\":\"https:\/\/lykkans.se\/#organization\"},\"keywords\":[\"Villa Cecilia\"],\"articleSection\":[\"Referenser\"],\"inLanguage\":\"en-US\",\"potentialAction\":[{\"@type\":\"CommentAction\",\"name\":\"Comment\",\"target\":[\"https:\/\/lykkans.se\/index.php\/2012\/09\/en-fargsprakande-vild-perennrabatt\/#respond\"]}]},{\"@type\":\"WebPage\",\"@id\":\"https:\/\/lykkans.se\/index.php\/2012\/09\/en-fargsprakande-vild-perennrabatt\/\",\"url\":\"https:\/\/lykkans.se\/index.php\/2012\/09\/en-fargsprakande-vild-perennrabatt\/\",\"name\":\"En f\u00e4rgsprakande vild perennrabatt! - Lykkans Designtr\u00e4dg\u00e5rdar AB\",\"isPartOf\":{\"@id\":\"https:\/\/lykkans.se\/#website\"},\"datePublished\":\"2012-09-12T09:14:54+00:00\",\"dateModified\":\"2013-02-06T09:53:44+00:00\",\"breadcrumb\":{\"@id\":\"https:\/\/lykkans.se\/index.php\/2012\/09\/en-fargsprakande-vild-perennrabatt\/#breadcrumb\"},\"inLanguage\":\"en-US\",\"potentialAction\":[{\"@type\":\"ReadAction\",\"target\":[\"https:\/\/lykkans.se\/index.php\/2012\/09\/en-fargsprakande-vild-perennrabatt\/\"]}]},{\"@type\":\"BreadcrumbList\",\"@id\":\"https:\/\/lykkans.se\/index.php\/2012\/09\/en-fargsprakande-vild-perennrabatt\/#breadcrumb\",\"itemListElement\":[{\"@type\":\"ListItem\",\"position\":1,\"name\":\"Home\",\"item\":\"https:\/\/lykkans.se\/\"},{\"@type\":\"ListItem\",\"position\":2,\"name\":\"En f\u00e4rgsprakande vild perennrabatt!\"}]},{\"@type\":\"WebSite\",\"@id\":\"https:\/\/lykkans.se\/#website\",\"url\":\"https:\/\/lykkans.se\/\",\"name\":\"Lykkans Designtr\u00e4dg\u00e5rdar AB\",\"description\":\"Tr\u00e4dg\u00e5rdsdesign med tr\u00e4dg\u00e5rdsarkitekt Anette G\u00e5rdhagen 070-888 1191\",\"publisher\":{\"@id\":\"https:\/\/lykkans.se\/#organization\"},\"potentialAction\":[{\"@type\":\"SearchAction\",\"target\":{\"@type\":\"EntryPoint\",\"urlTemplate\":\"https:\/\/lykkans.se\/?s={search_term_string}\"},\"query-input\":\"required name=search_term_string\"}],\"inLanguage\":\"en-US\"},{\"@type\":\"Organization\",\"@id\":\"https:\/\/lykkans.se\/#organization\",\"name\":\"Lykkans Designtr\u00e4dg\u00e5rdar AB\",\"url\":\"https:\/\/lykkans.se\/\",\"logo\":{\"@type\":\"ImageObject\",\"inLanguage\":\"en-US\",\"@id\":\"https:\/\/lykkans.se\/#\/schema\/logo\/image\/\",\"url\":\"https:\/\/lykkans.se\/wp-content\/uploads\/2021\/02\/cropped-0909-lykkans-designtradgardar-logo_m_outline_A4-3.pdf\",\"contentUrl\":\"https:\/\/lykkans.se\/wp-content\/uploads\/2021\/02\/cropped-0909-lykkans-designtradgardar-logo_m_outline_A4-3.pdf\",\"caption\":\"Lykkans Designtr\u00e4dg\u00e5rdar AB\"},\"image\":{\"@id\":\"https:\/\/lykkans.se\/#\/schema\/logo\/image\/\"},\"sameAs\":[\"https:\/\/www.facebook.com\/Lykkans\"]},{\"@type\":\"Person\",\"@id\":\"https:\/\/lykkans.se\/#\/schema\/person\/b4a6bafe7258e625683fb5620c135303\",\"name\":\"Anette\",\"image\":{\"@type\":\"ImageObject\",\"inLanguage\":\"en-US\",\"@id\":\"https:\/\/lykkans.se\/#\/schema\/person\/image\/\",\"url\":\"https:\/\/secure.gravatar.com\/avatar\/4b2b0b316cf99e2d2db42839cd347e8315d09ba8bf79316b39caa9209d237805?s=96&d=identicon&r=g\",\"contentUrl\":\"https:\/\/secure.gravatar.com\/avatar\/4b2b0b316cf99e2d2db42839cd347e8315d09ba8bf79316b39caa9209d237805?s=96&d=identicon&r=g\",\"caption\":\"Anette\"},\"sameAs\":[\"http:\/\/lykkans.se\"],\"url\":\"https:\/\/lykkans.se\/index.php\/author\/anette\/\"}]}<\/script>\n<!-- \/ Yoast SEO plugin. -->","yoast_head_json":{"title":"En f\u00e4rgsprakande vild perennrabatt! - Lykkans Designtr\u00e4dg\u00e5rdar AB","robots":{"index":"index","follow":"follow","max-snippet":"max-snippet:-1","max-image-preview":"max-image-preview:large","max-video-preview":"max-video-preview:-1"},"canonical":"https:\/\/lykkans.se\/index.php\/2012\/09\/en-fargsprakande-vild-perennrabatt\/","og_locale":"en_US","og_type":"article","og_title":"En f\u00e4rgsprakande vild perennrabatt! - Lykkans Designtr\u00e4dg\u00e5rdar AB","og_description":"Villa Cecilia fullkomligt lyser och surrar! Planteringen gjorde vi i slutet p\u00e5 maj. Underbart! \u00c4nnu i september och l\u00e4nge till kan denna rabatt njutas. Vissa v\u00e4xter har blommat \u00f6ver och b\u00f6rjar sin vila. S\u00e5 sm\u00e5ningom st\u00e5r gr\u00e4sen, Calamagrostis acutiflora &#8216;Karl Foerster&#8217; ensamma med Echinaceans vackra blomst\u00e4llningar och f\u00e4rgskalan g\u00e5r \u00e5t h\u00f6stens vackra bruna nyanser, och [&hellip;]","og_url":"https:\/\/lykkans.se\/index.php\/2012\/09\/en-fargsprakande-vild-perennrabatt\/","og_site_name":"Lykkans Designtr\u00e4dg\u00e5rdar AB","article_publisher":"https:\/\/www.facebook.com\/Lykkans","article_published_time":"2012-09-12T09:14:54+00:00","article_modified_time":"2013-02-06T09:53:44+00:00","og_image":[{"url":"http:\/\/lykkans.se\/wp-content\/uploads\/2012\/09\/20120910-Alnarp8-b.jpg"}],"author":"Anette","twitter_card":"summary_large_image","twitter_misc":{"Written by":"Anette","Est. reading time":"2 minutes"},"schema":{"@context":"https:\/\/schema.org","@graph":[{"@type":"Article","@id":"https:\/\/lykkans.se\/index.php\/2012\/09\/en-fargsprakande-vild-perennrabatt\/#article","isPartOf":{"@id":"https:\/\/lykkans.se\/index.php\/2012\/09\/en-fargsprakande-vild-perennrabatt\/"},"author":{"name":"Anette","@id":"https:\/\/lykkans.se\/#\/schema\/person\/b4a6bafe7258e625683fb5620c135303"},"headline":"En f\u00e4rgsprakande vild perennrabatt!","datePublished":"2012-09-12T09:14:54+00:00","dateModified":"2013-02-06T09:53:44+00:00","mainEntityOfPage":{"@id":"https:\/\/lykkans.se\/index.php\/2012\/09\/en-fargsprakande-vild-perennrabatt\/"},"wordCount":355,"commentCount":0,"publisher":{"@id":"https:\/\/lykkans.se\/#organization"},"keywords":["Villa Cecilia"],"articleSection":["Referenser"],"inLanguage":"en-US","potentialAction":[{"@type":"CommentAction","name":"Comment","target":["https:\/\/lykkans.se\/index.php\/2012\/09\/en-fargsprakande-vild-perennrabatt\/#respond"]}]},{"@type":"WebPage","@id":"https:\/\/lykkans.se\/index.php\/2012\/09\/en-fargsprakande-vild-perennrabatt\/","url":"https:\/\/lykkans.se\/index.php\/2012\/09\/en-fargsprakande-vild-perennrabatt\/","name":"En f\u00e4rgsprakande vild perennrabatt! - Lykkans Designtr\u00e4dg\u00e5rdar AB","isPartOf":{"@id":"https:\/\/lykkans.se\/#website"},"datePublished":"2012-09-12T09:14:54+00:00","dateModified":"2013-02-06T09:53:44+00:00","breadcrumb":{"@id":"https:\/\/lykkans.se\/index.php\/2012\/09\/en-fargsprakande-vild-perennrabatt\/#breadcrumb"},"inLanguage":"en-US","potentialAction":[{"@type":"ReadAction","target":["https:\/\/lykkans.se\/index.php\/2012\/09\/en-fargsprakande-vild-perennrabatt\/"]}]},{"@type":"BreadcrumbList","@id":"https:\/\/lykkans.se\/index.php\/2012\/09\/en-fargsprakande-vild-perennrabatt\/#breadcrumb","itemListElement":[{"@type":"ListItem","position":1,"name":"Home","item":"https:\/\/lykkans.se\/"},{"@type":"ListItem","position":2,"name":"En f\u00e4rgsprakande vild perennrabatt!"}]},{"@type":"WebSite","@id":"https:\/\/lykkans.se\/#website","url":"https:\/\/lykkans.se\/","name":"Lykkans Designtr\u00e4dg\u00e5rdar AB","description":"Tr\u00e4dg\u00e5rdsdesign med tr\u00e4dg\u00e5rdsarkitekt Anette G\u00e5rdhagen 070-888 1191","publisher":{"@id":"https:\/\/lykkans.se\/#organization"},"potentialAction":[{"@type":"SearchAction","target":{"@type":"EntryPoint","urlTemplate":"https:\/\/lykkans.se\/?s={search_term_string}"},"query-input":"required name=search_term_string"}],"inLanguage":"en-US"},{"@type":"Organization","@id":"https:\/\/lykkans.se\/#organization","name":"Lykkans Designtr\u00e4dg\u00e5rdar AB","url":"https:\/\/lykkans.se\/","logo":{"@type":"ImageObject","inLanguage":"en-US","@id":"https:\/\/lykkans.se\/#\/schema\/logo\/image\/","url":"https:\/\/lykkans.se\/wp-content\/uploads\/2021\/02\/cropped-0909-lykkans-designtradgardar-logo_m_outline_A4-3.pdf","contentUrl":"https:\/\/lykkans.se\/wp-content\/uploads\/2021\/02\/cropped-0909-lykkans-designtradgardar-logo_m_outline_A4-3.pdf","caption":"Lykkans Designtr\u00e4dg\u00e5rdar AB"},"image":{"@id":"https:\/\/lykkans.se\/#\/schema\/logo\/image\/"},"sameAs":["https:\/\/www.facebook.com\/Lykkans"]},{"@type":"Person","@id":"https:\/\/lykkans.se\/#\/schema\/person\/b4a6bafe7258e625683fb5620c135303","name":"Anette","image":{"@type":"ImageObject","inLanguage":"en-US","@id":"https:\/\/lykkans.se\/#\/schema\/person\/image\/","url":"https:\/\/secure.gravatar.com\/avatar\/4b2b0b316cf99e2d2db42839cd347e8315d09ba8bf79316b39caa9209d237805?s=96&d=identicon&r=g","contentUrl":"https:\/\/secure.gravatar.com\/avatar\/4b2b0b316cf99e2d2db42839cd347e8315d09ba8bf79316b39caa9209d237805?s=96&d=identicon&r=g","caption":"Anette"},"sameAs":["http:\/\/lykkans.se"],"url":"https:\/\/lykkans.se\/index.php\/author\/anette\/"}]}},"_links":{"self":[{"href":"https:\/\/lykkans.se\/index.php\/wp-json\/wp\/v2\/posts\/843","targetHints":{"allow":["GET"]}}],"collection":[{"href":"https:\/\/lykkans.se\/index.php\/wp-json\/wp\/v2\/posts"}],"about":[{"href":"https:\/\/lykkans.se\/index.php\/wp-json\/wp\/v2\/types\/post"}],"author":[{"embeddable":true,"href":"https:\/\/lykkans.se\/index.php\/wp-json\/wp\/v2\/users\/2"}],"replies":[{"embeddable":true,"href":"https:\/\/lykkans.se\/index.php\/wp-json\/wp\/v2\/comments?post=843"}],"version-history":[{"count":5,"href":"https:\/\/lykkans.se\/index.php\/wp-json\/wp\/v2\/posts\/843\/revisions"}],"predecessor-version":[{"id":853,"href":"https:\/\/lykkans.se\/index.php\/wp-json\/wp\/v2\/posts\/843\/revisions\/853"}],"wp:attachment":[{"href":"https:\/\/lykkans.se\/index.php\/wp-json\/wp\/v2\/media?parent=843"}],"wp:term":[{"taxonomy":"category","embeddable":true,"href":"https:\/\/lykkans.se\/index.php\/wp-json\/wp\/v2\/categories?post=843"},{"taxonomy":"post_tag","embeddable":true,"href":"https:\/\/lykkans.se\/index.php\/wp-json\/wp\/v2\/tags?post=843"}],"curies":[{"name":"wp","href":"https:\/\/api.w.org\/{rel}","templated":true}]}}