{"id":971,"date":"2012-10-18T11:42:17","date_gmt":"2012-10-18T09:42:17","guid":{"rendered":"http:\/\/lykkans.se\/?p=971"},"modified":"2013-02-06T10:53:01","modified_gmt":"2013-02-06T09:53:01","slug":"villa-strangatan","status":"publish","type":"post","link":"https:\/\/lykkans.se\/index.php\/2012\/10\/villa-strangatan\/","title":{"rendered":"Villa Strandgatan"},"content":{"rendered":"<p>Ett hus med anor fr\u00e5n sekelskiftet, d\u00e4r familjen har gjort en omsorgsfull\u00a0renovering och \u00e5terskapat fasaden mot Strandgatan, som den s\u00e5g ut f\u00f6r mer\u00a0\u00e4n hundra \u00e5r sedan.<\/p>\n<p><a href=\"http:\/\/lykkans.se\/wp-content\/uploads\/2012\/10\/Villa-Strandgatan-a.jpg\"><img loading=\"lazy\" decoding=\"async\" class=\"alignnone size-full wp-image-972\" title=\"Villa-Strandgatan\" src=\"http:\/\/lykkans.se\/wp-content\/uploads\/2012\/10\/Villa-Strandgatan-a.jpg\" alt=\"\" width=\"635\" height=\"358\" srcset=\"https:\/\/lykkans.se\/wp-content\/uploads\/2012\/10\/Villa-Strandgatan-a.jpg 635w, https:\/\/lykkans.se\/wp-content\/uploads\/2012\/10\/Villa-Strandgatan-a-300x169.jpg 300w\" sizes=\"(max-width: 635px) 100vw, 635px\" \/><\/a><\/p>\n<p><!--more--><\/p>\n<p>Tr\u00e4dg\u00e5rden planeras f\u00f6r att passa familjens behov och v\u00e4xtligheten anpassas\u00a0till platsens r\u00e5dande krav och husets karakt\u00e4r. Tr\u00e4dg\u00e5rden mot Strandgatan\u00a0ligger mot v\u00e4ster och har havet in p\u00e5 bara knuten. Kravet p\u00e5 v\u00e4xtligheten till\u00a0v\u00e4stra sidan \u00e4r stor, h\u00e4rdiga och vindt\u00e5liga v\u00e4xter \u00e4r viktigt. Tr\u00e4dg\u00e5rden ger\u00a0oss en gammaldags doft av rosor, pioner, h\u00f6stanemoner, h\u00f6stsilverax och syrener, det \u00e4r v\u00e4xter som ger\u00a0doft, vackra blommor och fin gr\u00f6nska. Markt\u00e4ckande perenner t\u00e4cker jorden\u00a0effektivt och h\u00e5ller fukten kvar i marken till mikroorganismernas stora lycka.\u00a0V\u00e4xterna m\u00e5r b\u00e4ttre och tr\u00e4dg\u00e5rdsarbetet blir en fr\u00f6jd och tid att njuta i\u00a0hammocken under h\u00e4ngsyrenen blir det gott om.<\/p>\n<p><a href=\"http:\/\/lykkans.se\/wp-content\/uploads\/2012\/10\/20121010-Strandgatan-a-1.jpg\"><img loading=\"lazy\" decoding=\"async\" class=\"alignnone size-full wp-image-974\" title=\"Illustrationsritning\" src=\"http:\/\/lykkans.se\/wp-content\/uploads\/2012\/10\/20121010-Strandgatan-a-1.jpg\" alt=\"\" width=\"635\" height=\"745\" srcset=\"https:\/\/lykkans.se\/wp-content\/uploads\/2012\/10\/20121010-Strandgatan-a-1.jpg 635w, https:\/\/lykkans.se\/wp-content\/uploads\/2012\/10\/20121010-Strandgatan-a-1-255x300.jpg 255w\" sizes=\"(max-width: 635px) 100vw, 635px\" \/><\/a><\/p>\n<p>Illustrationsritning<\/p>\n<p><a href=\"http:\/\/lykkans.se\/wp-content\/uploads\/2012\/10\/20121010-Strandgatan-b-.jpg\"><img loading=\"lazy\" decoding=\"async\" class=\"alignnone size-full wp-image-975\" title=\"Planteringsplan\" src=\"http:\/\/lykkans.se\/wp-content\/uploads\/2012\/10\/20121010-Strandgatan-b-.jpg\" alt=\"\" width=\"635\" height=\"812\" srcset=\"https:\/\/lykkans.se\/wp-content\/uploads\/2012\/10\/20121010-Strandgatan-b-.jpg 635w, https:\/\/lykkans.se\/wp-content\/uploads\/2012\/10\/20121010-Strandgatan-b--234x300.jpg 234w\" sizes=\"(max-width: 635px) 100vw, 635px\" \/><\/a><\/p>\n<p>Planteringsplan<\/p>\n<p><a href=\"http:\/\/lykkans.se\/wp-content\/uploads\/2012\/10\/20121018-Strandgatan-c.jpg\"><img loading=\"lazy\" decoding=\"async\" class=\"alignnone size-full wp-image-976\" title=\"Markbel\u00e4ggnings plan\" src=\"http:\/\/lykkans.se\/wp-content\/uploads\/2012\/10\/20121018-Strandgatan-c.jpg\" alt=\"\" width=\"635\" height=\"761\" srcset=\"https:\/\/lykkans.se\/wp-content\/uploads\/2012\/10\/20121018-Strandgatan-c.jpg 635w, https:\/\/lykkans.se\/wp-content\/uploads\/2012\/10\/20121018-Strandgatan-c-250x300.jpg 250w\" sizes=\"(max-width: 635px) 100vw, 635px\" \/><\/a><\/p>\n<p>N\u00e4r man stiger in genom den nya grinden som flyttats till tr\u00e4dg\u00e5rdens\u00a0sydv\u00e4stra h\u00f6rn, vandrar man fram genom ett valv av syren och doftschersmin. De\u00a0tv\u00e5 stora schersminbuskarna, <em>Philadelphus coronarius<\/em> har levt l\u00e4nge i tr\u00e4dg\u00e5rden och de trotj\u00e4narna f\u00f6rtj\u00e4nar\u00a0att spela huvudrollen och f\u00e5r st\u00e5 kvar. De vackra b\u00e5gb\u00f6jda grenarna bildar ett\u00a0sp\u00e4nnande valv \u00f6ver den nya tr\u00e4dg\u00e5rdsg\u00e5ngen av sm\u00e5gatsten. G\u00e5ngen\u00a0kantas av daggk\u00e5pa och n\u00e4vor.<\/p>\n<p><a href=\"http:\/\/lykkans.se\/wp-content\/uploads\/2012\/10\/20121018-Strangatan-ny-entr.jpg\"><img loading=\"lazy\" decoding=\"async\" class=\"alignnone size-full wp-image-977\" title=\"Philadelphus coronarius\" src=\"http:\/\/lykkans.se\/wp-content\/uploads\/2012\/10\/20121018-Strangatan-ny-entr.jpg\" alt=\"\" width=\"635\" height=\"476\" srcset=\"https:\/\/lykkans.se\/wp-content\/uploads\/2012\/10\/20121018-Strangatan-ny-entr.jpg 635w, https:\/\/lykkans.se\/wp-content\/uploads\/2012\/10\/20121018-Strangatan-ny-entr-300x224.jpg 300w\" sizes=\"(max-width: 635px) 100vw, 635px\" \/><\/a><\/p>\n<p>H\u00e4r kommer snart Syringa josikaea &#8216;M\u00e5ttsund&#8217; h\u00e4lsa v\u00e4lkommen och bilda vackert valv tillsammans med schersminerna \u00f6ver entr\u00e9g\u00e5ngen.<\/p>\n<p>Under h\u00f6sten planteras de vedartade v\u00e4xterna. Rosa rugosa &#8216;Frau Dagmar Hastrup&#8217; planteras som h\u00e4ck ut mot Strandgatan. Och Syringa x prestoniae &#8216;Elinor&#8217; vaktar i tomtens andra h\u00f6rn. En inramningsh\u00e4ck av Taxus media &#8216;Hillii&#8217; h\u00e5ller rosorna varma om &#8220;f\u00f6tterna&#8221;. Under v\u00e5ren forts\u00e4tter plantering med perenner och markarbetet forts\u00e4tter.<\/p>\n<p>&nbsp;<\/p>\n<p>&nbsp;<\/p>\n","protected":false},"excerpt":{"rendered":"<p>Ett hus med anor fr\u00e5n sekelskiftet, d\u00e4r familjen har gjort en omsorgsfull\u00a0renovering och \u00e5terskapat fasaden mot Strandgatan, som den s\u00e5g ut f\u00f6r mer\u00a0\u00e4n hundra \u00e5r sedan.<\/p>\n","protected":false},"author":2,"featured_media":0,"comment_status":"open","ping_status":"closed","sticky":false,"template":"","format":"standard","meta":{"saved_in_kubio":false,"footnotes":""},"categories":[1,14],"tags":[20],"class_list":["post-971","post","type-post","status-publish","format-standard","hentry","category-referenser","category-skisserritningar","tag-villa-strandgatan"],"yoast_head":"<!-- This site is optimized with the Yoast SEO plugin v22.1 - https:\/\/yoast.com\/wordpress\/plugins\/seo\/ -->\n<title>Villa Strandgatan - Lykkans Designtr\u00e4dg\u00e5rdar AB<\/title>\n<meta name=\"robots\" content=\"index, follow, max-snippet:-1, max-image-preview:large, max-video-preview:-1\" \/>\n<link rel=\"canonical\" href=\"https:\/\/lykkans.se\/index.php\/2012\/10\/villa-strangatan\/\" \/>\n<meta property=\"og:locale\" content=\"en_US\" \/>\n<meta property=\"og:type\" content=\"article\" \/>\n<meta property=\"og:title\" content=\"Villa Strandgatan - Lykkans Designtr\u00e4dg\u00e5rdar AB\" \/>\n<meta property=\"og:description\" content=\"Ett hus med anor fr\u00e5n sekelskiftet, d\u00e4r familjen har gjort en omsorgsfull\u00a0renovering och \u00e5terskapat fasaden mot Strandgatan, som den s\u00e5g ut f\u00f6r mer\u00a0\u00e4n hundra \u00e5r sedan.\" \/>\n<meta property=\"og:url\" content=\"https:\/\/lykkans.se\/index.php\/2012\/10\/villa-strangatan\/\" \/>\n<meta property=\"og:site_name\" content=\"Lykkans Designtr\u00e4dg\u00e5rdar AB\" \/>\n<meta property=\"article:publisher\" content=\"https:\/\/www.facebook.com\/Lykkans\" \/>\n<meta property=\"article:published_time\" content=\"2012-10-18T09:42:17+00:00\" \/>\n<meta property=\"article:modified_time\" content=\"2013-02-06T09:53:01+00:00\" \/>\n<meta property=\"og:image\" content=\"http:\/\/lykkans.se\/wp-content\/uploads\/2012\/10\/Villa-Strandgatan-a.jpg\" \/>\n<meta name=\"author\" content=\"Anette\" \/>\n<meta name=\"twitter:card\" content=\"summary_large_image\" \/>\n<meta name=\"twitter:label1\" content=\"Written by\" \/>\n\t<meta name=\"twitter:data1\" content=\"Anette\" \/>\n\t<meta name=\"twitter:label2\" content=\"Est. reading time\" \/>\n\t<meta name=\"twitter:data2\" content=\"2 minutes\" \/>\n<script type=\"application\/ld+json\" class=\"yoast-schema-graph\">{\"@context\":\"https:\/\/schema.org\",\"@graph\":[{\"@type\":\"Article\",\"@id\":\"https:\/\/lykkans.se\/index.php\/2012\/10\/villa-strangatan\/#article\",\"isPartOf\":{\"@id\":\"https:\/\/lykkans.se\/index.php\/2012\/10\/villa-strangatan\/\"},\"author\":{\"name\":\"Anette\",\"@id\":\"https:\/\/lykkans.se\/#\/schema\/person\/b4a6bafe7258e625683fb5620c135303\"},\"headline\":\"Villa Strandgatan\",\"datePublished\":\"2012-10-18T09:42:17+00:00\",\"dateModified\":\"2013-02-06T09:53:01+00:00\",\"mainEntityOfPage\":{\"@id\":\"https:\/\/lykkans.se\/index.php\/2012\/10\/villa-strangatan\/\"},\"wordCount\":339,\"commentCount\":0,\"publisher\":{\"@id\":\"https:\/\/lykkans.se\/#organization\"},\"keywords\":[\"Villa Strandgatan\"],\"articleSection\":[\"Referenser\",\"Skisser\/ritningar\"],\"inLanguage\":\"en-US\",\"potentialAction\":[{\"@type\":\"CommentAction\",\"name\":\"Comment\",\"target\":[\"https:\/\/lykkans.se\/index.php\/2012\/10\/villa-strangatan\/#respond\"]}]},{\"@type\":\"WebPage\",\"@id\":\"https:\/\/lykkans.se\/index.php\/2012\/10\/villa-strangatan\/\",\"url\":\"https:\/\/lykkans.se\/index.php\/2012\/10\/villa-strangatan\/\",\"name\":\"Villa Strandgatan - Lykkans Designtr\u00e4dg\u00e5rdar AB\",\"isPartOf\":{\"@id\":\"https:\/\/lykkans.se\/#website\"},\"datePublished\":\"2012-10-18T09:42:17+00:00\",\"dateModified\":\"2013-02-06T09:53:01+00:00\",\"breadcrumb\":{\"@id\":\"https:\/\/lykkans.se\/index.php\/2012\/10\/villa-strangatan\/#breadcrumb\"},\"inLanguage\":\"en-US\",\"potentialAction\":[{\"@type\":\"ReadAction\",\"target\":[\"https:\/\/lykkans.se\/index.php\/2012\/10\/villa-strangatan\/\"]}]},{\"@type\":\"BreadcrumbList\",\"@id\":\"https:\/\/lykkans.se\/index.php\/2012\/10\/villa-strangatan\/#breadcrumb\",\"itemListElement\":[{\"@type\":\"ListItem\",\"position\":1,\"name\":\"Home\",\"item\":\"https:\/\/lykkans.se\/\"},{\"@type\":\"ListItem\",\"position\":2,\"name\":\"Villa Strandgatan\"}]},{\"@type\":\"WebSite\",\"@id\":\"https:\/\/lykkans.se\/#website\",\"url\":\"https:\/\/lykkans.se\/\",\"name\":\"Lykkans Designtr\u00e4dg\u00e5rdar AB\",\"description\":\"Tr\u00e4dg\u00e5rdsdesign med tr\u00e4dg\u00e5rdsarkitekt Anette G\u00e5rdhagen 070-888 1191\",\"publisher\":{\"@id\":\"https:\/\/lykkans.se\/#organization\"},\"potentialAction\":[{\"@type\":\"SearchAction\",\"target\":{\"@type\":\"EntryPoint\",\"urlTemplate\":\"https:\/\/lykkans.se\/?s={search_term_string}\"},\"query-input\":\"required name=search_term_string\"}],\"inLanguage\":\"en-US\"},{\"@type\":\"Organization\",\"@id\":\"https:\/\/lykkans.se\/#organization\",\"name\":\"Lykkans Designtr\u00e4dg\u00e5rdar AB\",\"url\":\"https:\/\/lykkans.se\/\",\"logo\":{\"@type\":\"ImageObject\",\"inLanguage\":\"en-US\",\"@id\":\"https:\/\/lykkans.se\/#\/schema\/logo\/image\/\",\"url\":\"https:\/\/lykkans.se\/wp-content\/uploads\/2021\/02\/cropped-0909-lykkans-designtradgardar-logo_m_outline_A4-3.pdf\",\"contentUrl\":\"https:\/\/lykkans.se\/wp-content\/uploads\/2021\/02\/cropped-0909-lykkans-designtradgardar-logo_m_outline_A4-3.pdf\",\"caption\":\"Lykkans Designtr\u00e4dg\u00e5rdar AB\"},\"image\":{\"@id\":\"https:\/\/lykkans.se\/#\/schema\/logo\/image\/\"},\"sameAs\":[\"https:\/\/www.facebook.com\/Lykkans\"]},{\"@type\":\"Person\",\"@id\":\"https:\/\/lykkans.se\/#\/schema\/person\/b4a6bafe7258e625683fb5620c135303\",\"name\":\"Anette\",\"image\":{\"@type\":\"ImageObject\",\"inLanguage\":\"en-US\",\"@id\":\"https:\/\/lykkans.se\/#\/schema\/person\/image\/\",\"url\":\"https:\/\/secure.gravatar.com\/avatar\/4b2b0b316cf99e2d2db42839cd347e8315d09ba8bf79316b39caa9209d237805?s=96&d=identicon&r=g\",\"contentUrl\":\"https:\/\/secure.gravatar.com\/avatar\/4b2b0b316cf99e2d2db42839cd347e8315d09ba8bf79316b39caa9209d237805?s=96&d=identicon&r=g\",\"caption\":\"Anette\"},\"sameAs\":[\"http:\/\/lykkans.se\"],\"url\":\"https:\/\/lykkans.se\/index.php\/author\/anette\/\"}]}<\/script>\n<!-- \/ Yoast SEO plugin. -->","yoast_head_json":{"title":"Villa Strandgatan - Lykkans Designtr\u00e4dg\u00e5rdar AB","robots":{"index":"index","follow":"follow","max-snippet":"max-snippet:-1","max-image-preview":"max-image-preview:large","max-video-preview":"max-video-preview:-1"},"canonical":"https:\/\/lykkans.se\/index.php\/2012\/10\/villa-strangatan\/","og_locale":"en_US","og_type":"article","og_title":"Villa Strandgatan - Lykkans Designtr\u00e4dg\u00e5rdar AB","og_description":"Ett hus med anor fr\u00e5n sekelskiftet, d\u00e4r familjen har gjort en omsorgsfull\u00a0renovering och \u00e5terskapat fasaden mot Strandgatan, som den s\u00e5g ut f\u00f6r mer\u00a0\u00e4n hundra \u00e5r sedan.","og_url":"https:\/\/lykkans.se\/index.php\/2012\/10\/villa-strangatan\/","og_site_name":"Lykkans Designtr\u00e4dg\u00e5rdar AB","article_publisher":"https:\/\/www.facebook.com\/Lykkans","article_published_time":"2012-10-18T09:42:17+00:00","article_modified_time":"2013-02-06T09:53:01+00:00","og_image":[{"url":"http:\/\/lykkans.se\/wp-content\/uploads\/2012\/10\/Villa-Strandgatan-a.jpg"}],"author":"Anette","twitter_card":"summary_large_image","twitter_misc":{"Written by":"Anette","Est. reading time":"2 minutes"},"schema":{"@context":"https:\/\/schema.org","@graph":[{"@type":"Article","@id":"https:\/\/lykkans.se\/index.php\/2012\/10\/villa-strangatan\/#article","isPartOf":{"@id":"https:\/\/lykkans.se\/index.php\/2012\/10\/villa-strangatan\/"},"author":{"name":"Anette","@id":"https:\/\/lykkans.se\/#\/schema\/person\/b4a6bafe7258e625683fb5620c135303"},"headline":"Villa Strandgatan","datePublished":"2012-10-18T09:42:17+00:00","dateModified":"2013-02-06T09:53:01+00:00","mainEntityOfPage":{"@id":"https:\/\/lykkans.se\/index.php\/2012\/10\/villa-strangatan\/"},"wordCount":339,"commentCount":0,"publisher":{"@id":"https:\/\/lykkans.se\/#organization"},"keywords":["Villa Strandgatan"],"articleSection":["Referenser","Skisser\/ritningar"],"inLanguage":"en-US","potentialAction":[{"@type":"CommentAction","name":"Comment","target":["https:\/\/lykkans.se\/index.php\/2012\/10\/villa-strangatan\/#respond"]}]},{"@type":"WebPage","@id":"https:\/\/lykkans.se\/index.php\/2012\/10\/villa-strangatan\/","url":"https:\/\/lykkans.se\/index.php\/2012\/10\/villa-strangatan\/","name":"Villa Strandgatan - Lykkans Designtr\u00e4dg\u00e5rdar AB","isPartOf":{"@id":"https:\/\/lykkans.se\/#website"},"datePublished":"2012-10-18T09:42:17+00:00","dateModified":"2013-02-06T09:53:01+00:00","breadcrumb":{"@id":"https:\/\/lykkans.se\/index.php\/2012\/10\/villa-strangatan\/#breadcrumb"},"inLanguage":"en-US","potentialAction":[{"@type":"ReadAction","target":["https:\/\/lykkans.se\/index.php\/2012\/10\/villa-strangatan\/"]}]},{"@type":"BreadcrumbList","@id":"https:\/\/lykkans.se\/index.php\/2012\/10\/villa-strangatan\/#breadcrumb","itemListElement":[{"@type":"ListItem","position":1,"name":"Home","item":"https:\/\/lykkans.se\/"},{"@type":"ListItem","position":2,"name":"Villa Strandgatan"}]},{"@type":"WebSite","@id":"https:\/\/lykkans.se\/#website","url":"https:\/\/lykkans.se\/","name":"Lykkans Designtr\u00e4dg\u00e5rdar AB","description":"Tr\u00e4dg\u00e5rdsdesign med tr\u00e4dg\u00e5rdsarkitekt Anette G\u00e5rdhagen 070-888 1191","publisher":{"@id":"https:\/\/lykkans.se\/#organization"},"potentialAction":[{"@type":"SearchAction","target":{"@type":"EntryPoint","urlTemplate":"https:\/\/lykkans.se\/?s={search_term_string}"},"query-input":"required name=search_term_string"}],"inLanguage":"en-US"},{"@type":"Organization","@id":"https:\/\/lykkans.se\/#organization","name":"Lykkans Designtr\u00e4dg\u00e5rdar AB","url":"https:\/\/lykkans.se\/","logo":{"@type":"ImageObject","inLanguage":"en-US","@id":"https:\/\/lykkans.se\/#\/schema\/logo\/image\/","url":"https:\/\/lykkans.se\/wp-content\/uploads\/2021\/02\/cropped-0909-lykkans-designtradgardar-logo_m_outline_A4-3.pdf","contentUrl":"https:\/\/lykkans.se\/wp-content\/uploads\/2021\/02\/cropped-0909-lykkans-designtradgardar-logo_m_outline_A4-3.pdf","caption":"Lykkans Designtr\u00e4dg\u00e5rdar AB"},"image":{"@id":"https:\/\/lykkans.se\/#\/schema\/logo\/image\/"},"sameAs":["https:\/\/www.facebook.com\/Lykkans"]},{"@type":"Person","@id":"https:\/\/lykkans.se\/#\/schema\/person\/b4a6bafe7258e625683fb5620c135303","name":"Anette","image":{"@type":"ImageObject","inLanguage":"en-US","@id":"https:\/\/lykkans.se\/#\/schema\/person\/image\/","url":"https:\/\/secure.gravatar.com\/avatar\/4b2b0b316cf99e2d2db42839cd347e8315d09ba8bf79316b39caa9209d237805?s=96&d=identicon&r=g","contentUrl":"https:\/\/secure.gravatar.com\/avatar\/4b2b0b316cf99e2d2db42839cd347e8315d09ba8bf79316b39caa9209d237805?s=96&d=identicon&r=g","caption":"Anette"},"sameAs":["http:\/\/lykkans.se"],"url":"https:\/\/lykkans.se\/index.php\/author\/anette\/"}]}},"_links":{"self":[{"href":"https:\/\/lykkans.se\/index.php\/wp-json\/wp\/v2\/posts\/971","targetHints":{"allow":["GET"]}}],"collection":[{"href":"https:\/\/lykkans.se\/index.php\/wp-json\/wp\/v2\/posts"}],"about":[{"href":"https:\/\/lykkans.se\/index.php\/wp-json\/wp\/v2\/types\/post"}],"author":[{"embeddable":true,"href":"https:\/\/lykkans.se\/index.php\/wp-json\/wp\/v2\/users\/2"}],"replies":[{"embeddable":true,"href":"https:\/\/lykkans.se\/index.php\/wp-json\/wp\/v2\/comments?post=971"}],"version-history":[{"count":11,"href":"https:\/\/lykkans.se\/index.php\/wp-json\/wp\/v2\/posts\/971\/revisions"}],"predecessor-version":[{"id":980,"href":"https:\/\/lykkans.se\/index.php\/wp-json\/wp\/v2\/posts\/971\/revisions\/980"}],"wp:attachment":[{"href":"https:\/\/lykkans.se\/index.php\/wp-json\/wp\/v2\/media?parent=971"}],"wp:term":[{"taxonomy":"category","embeddable":true,"href":"https:\/\/lykkans.se\/index.php\/wp-json\/wp\/v2\/categories?post=971"},{"taxonomy":"post_tag","embeddable":true,"href":"https:\/\/lykkans.se\/index.php\/wp-json\/wp\/v2\/tags?post=971"}],"curies":[{"name":"wp","href":"https:\/\/api.w.org\/{rel}","templated":true}]}}